
{"id":10170,"date":"2016-03-28T13:05:17","date_gmt":"2016-03-28T13:05:17","guid":{"rendered":"https:\/\/www.lejournalduforkane.com\/?p=10170"},"modified":"2016-03-28T13:05:17","modified_gmt":"2016-03-28T13:05:17","slug":"video-quelques-images-de-la-bataille-de-palmyre-ou-400-terroristes-de-daesh-ont-ete-tues","status":"publish","type":"post","link":"https:\/\/www.lejournalduforkane.com\/index.php\/video-quelques-images-de-la-bataille-de-palmyre-ou-400-terroristes-de-daesh-ont-ete-tues\/","title":{"rendered":"[Vid\u00e9o] | Quelques images de la Bataille de Palmyre ou 400 terroristes de Daesh ont \u00e9t\u00e9 tu\u00e9s"},"content":{"rendered":"<p><!--more--><\/p>\n<p><iframe loading=\"lazy\" src=\"https:\/\/www.youtube.com\/embed\/gSI7G0vL6w8\" width=\"420\" height=\"315\" frameborder=\"0\" allowfullscreen=\"allowfullscreen\"><\/iframe><\/p>\n<p>A partager un maximum<\/p>\n<p><img loading=\"lazy\" class=\"alignnone size-medium wp-image-10171\" src=\"https:\/\/www.lejournalduforkane.com\/wp-content\/uploads\/2016\/03\/pour-palmyre-6-300x227.jpg\" alt=\"pour palmyre 6\" width=\"300\" height=\"227\" srcset=\"https:\/\/www.lejournalduforkane.com\/wp-content\/uploads\/2016\/03\/pour-palmyre-6-300x227.jpg 300w, https:\/\/www.lejournalduforkane.com\/wp-content\/uploads\/2016\/03\/pour-palmyre-6.jpg 421w\" sizes=\"(max-width: 300px) 100vw, 300px\" \/><\/p>\n","protected":false},"excerpt":{"rendered":"A partager un maximum","protected":false},"author":2,"featured_media":0,"comment_status":"open","ping_status":"open","sticky":false,"template":"","format":"standard","meta":[],"categories":[],"tags":[],"_links":{"self":[{"href":"https:\/\/www.lejournalduforkane.com\/index.php\/wp-json\/wp\/v2\/posts\/10170"}],"collection":[{"href":"https:\/\/www.lejournalduforkane.com\/index.php\/wp-json\/wp\/v2\/posts"}],"about":[{"href":"https:\/\/www.lejournalduforkane.com\/index.php\/wp-json\/wp\/v2\/types\/post"}],"author":[{"embeddable":true,"href":"https:\/\/www.lejournalduforkane.com\/index.php\/wp-json\/wp\/v2\/users\/2"}],"replies":[{"embeddable":true,"href":"https:\/\/www.lejournalduforkane.com\/index.php\/wp-json\/wp\/v2\/comments?post=10170"}],"version-history":[{"count":1,"href":"https:\/\/www.lejournalduforkane.com\/index.php\/wp-json\/wp\/v2\/posts\/10170\/revisions"}],"predecessor-version":[{"id":10172,"href":"https:\/\/www.lejournalduforkane.com\/index.php\/wp-json\/wp\/v2\/posts\/10170\/revisions\/10172"}],"wp:attachment":[{"href":"https:\/\/www.lejournalduforkane.com\/index.php\/wp-json\/wp\/v2\/media?parent=10170"}],"wp:term":[{"taxonomy":"category","embeddable":true,"href":"https:\/\/www.lejournalduforkane.com\/index.php\/wp-json\/wp\/v2\/categories?post=10170"},{"taxonomy":"post_tag","embeddable":true,"href":"https:\/\/www.lejournalduforkane.com\/index.php\/wp-json\/wp\/v2\/tags?post=10170"}],"curies":[{"name":"wp","href":"https:\/\/api.w.org\/{rel}","templated":true}]}}