
{"id":10189,"date":"2016-03-29T18:14:33","date_gmt":"2016-03-29T18:14:33","guid":{"rendered":"https:\/\/www.lejournalduforkane.com\/?p=10189"},"modified":"2016-03-29T18:14:34","modified_gmt":"2016-03-29T18:14:34","slug":"video-thierry-mariani-depute-lr-je-souhaite-la-victoire-de-larmee-syrienne","status":"publish","type":"post","link":"https:\/\/www.lejournalduforkane.com\/index.php\/video-thierry-mariani-depute-lr-je-souhaite-la-victoire-de-larmee-syrienne\/","title":{"rendered":"[Vid\u00e9o] | Thierry Mariani (d\u00e9put\u00e9 LR) : \u00ab\u00a0Je souhaite la victoire de l&rsquo;arm\u00e9e syrienne\u00a0\u00bb"},"content":{"rendered":"<p style=\"text-align: justify;\"><!--more-->Les langues se d\u00e9lient et chaque jours les faits et les \u00e9v\u00e8nements donne raison au JOURNAL DU FORKANE et aux analyses de ALI DANI.<\/p>\n<p><iframe loading=\"lazy\" src=\"https:\/\/www.youtube.com\/embed\/mMJUe-VQBAE\" width=\"560\" height=\"315\" frameborder=\"0\" allowfullscreen=\"allowfullscreen\"><\/iframe><\/p>\n<p><img loading=\"lazy\" class=\"alignnone size-medium wp-image-10190\" src=\"https:\/\/www.lejournalduforkane.com\/wp-content\/uploads\/2016\/03\/messian-souhaite-la-victoire-de-bachar-300x169.jpg\" alt=\"messian souhaite la victoire de bachar\" width=\"300\" height=\"169\" srcset=\"https:\/\/www.lejournalduforkane.com\/wp-content\/uploads\/2016\/03\/messian-souhaite-la-victoire-de-bachar-300x169.jpg 300w, https:\/\/www.lejournalduforkane.com\/wp-content\/uploads\/2016\/03\/messian-souhaite-la-victoire-de-bachar.jpg 416w\" sizes=\"(max-width: 300px) 100vw, 300px\" \/><\/p>\n","protected":false},"excerpt":{"rendered":"Les langues se d\u00e9lient et chaque jours les faits et les \u00e9v\u00e8nements donne raison au JOURNAL DU FORKANE et aux analyses de ALI DANI.","protected":false},"author":2,"featured_media":0,"comment_status":"open","ping_status":"open","sticky":false,"template":"","format":"standard","meta":[],"categories":[],"tags":[],"_links":{"self":[{"href":"https:\/\/www.lejournalduforkane.com\/index.php\/wp-json\/wp\/v2\/posts\/10189"}],"collection":[{"href":"https:\/\/www.lejournalduforkane.com\/index.php\/wp-json\/wp\/v2\/posts"}],"about":[{"href":"https:\/\/www.lejournalduforkane.com\/index.php\/wp-json\/wp\/v2\/types\/post"}],"author":[{"embeddable":true,"href":"https:\/\/www.lejournalduforkane.com\/index.php\/wp-json\/wp\/v2\/users\/2"}],"replies":[{"embeddable":true,"href":"https:\/\/www.lejournalduforkane.com\/index.php\/wp-json\/wp\/v2\/comments?post=10189"}],"version-history":[{"count":1,"href":"https:\/\/www.lejournalduforkane.com\/index.php\/wp-json\/wp\/v2\/posts\/10189\/revisions"}],"predecessor-version":[{"id":10191,"href":"https:\/\/www.lejournalduforkane.com\/index.php\/wp-json\/wp\/v2\/posts\/10189\/revisions\/10191"}],"wp:attachment":[{"href":"https:\/\/www.lejournalduforkane.com\/index.php\/wp-json\/wp\/v2\/media?parent=10189"}],"wp:term":[{"taxonomy":"category","embeddable":true,"href":"https:\/\/www.lejournalduforkane.com\/index.php\/wp-json\/wp\/v2\/categories?post=10189"},{"taxonomy":"post_tag","embeddable":true,"href":"https:\/\/www.lejournalduforkane.com\/index.php\/wp-json\/wp\/v2\/tags?post=10189"}],"curies":[{"name":"wp","href":"https:\/\/api.w.org\/{rel}","templated":true}]}}