
{"id":10204,"date":"2016-03-29T20:31:22","date_gmt":"2016-03-29T20:31:22","guid":{"rendered":"https:\/\/www.lejournalduforkane.com\/?p=10204"},"modified":"2016-03-29T20:31:22","modified_gmt":"2016-03-29T20:31:22","slug":"video-walid-al-mouallem-ministre-des-affaires-etrangeres-syrien-en-visite-en-algerie","status":"publish","type":"post","link":"https:\/\/www.lejournalduforkane.com\/index.php\/video-walid-al-mouallem-ministre-des-affaires-etrangeres-syrien-en-visite-en-algerie\/","title":{"rendered":"[Vid\u00e9o] | Walid Al Mouallem, ministre des affaires \u00e9trang\u00e8res syrien en visite en Alg\u00e9rie"},"content":{"rendered":"<p><!--more--><\/p>\n<p>Voici ce qu&rsquo;il a dit lors de son arriv\u00e9e : \u00a0\u00bb la Syrie et l&rsquo;Alg\u00e9rie sont dans le m\u00eame foss\u00e9 face au terrorisme et \u00e0 l&rsquo;ing\u00e9rence \u00e9trang\u00e8re dans les affaires internes de nos pays\u00a0\u00bb<\/p>\n<p><iframe loading=\"lazy\" src=\"https:\/\/www.youtube.com\/embed\/7mRYPQ2o_WM\" width=\"560\" height=\"315\" frameborder=\"0\" allowfullscreen=\"allowfullscreen\"><\/iframe><\/p>\n<p><img loading=\"lazy\" class=\"alignnone size-medium wp-image-10205\" src=\"https:\/\/www.lejournalduforkane.com\/wp-content\/uploads\/2016\/03\/minitre-en-alg\u00e9rie-300x165.jpg\" alt=\"minitre en alg\u00e9rie\" width=\"300\" height=\"165\" srcset=\"https:\/\/www.lejournalduforkane.com\/wp-content\/uploads\/2016\/03\/minitre-en-alg\u00e9rie-300x165.jpg 300w, https:\/\/www.lejournalduforkane.com\/wp-content\/uploads\/2016\/03\/minitre-en-alg\u00e9rie.jpg 421w\" sizes=\"(max-width: 300px) 100vw, 300px\" \/><\/p>\n","protected":false},"excerpt":{"rendered":"Voici ce qu'il a dit lors de son arriv\u00e9e : \" la Syrie et l'Alg\u00e9rie sont dans le m\u00eame foss\u00e9 face au terrorisme et \u00e0 l'ing\u00e9rence \u00e9trang\u00e8re dans les affaires","protected":false},"author":2,"featured_media":0,"comment_status":"open","ping_status":"open","sticky":false,"template":"","format":"standard","meta":[],"categories":[],"tags":[],"_links":{"self":[{"href":"https:\/\/www.lejournalduforkane.com\/index.php\/wp-json\/wp\/v2\/posts\/10204"}],"collection":[{"href":"https:\/\/www.lejournalduforkane.com\/index.php\/wp-json\/wp\/v2\/posts"}],"about":[{"href":"https:\/\/www.lejournalduforkane.com\/index.php\/wp-json\/wp\/v2\/types\/post"}],"author":[{"embeddable":true,"href":"https:\/\/www.lejournalduforkane.com\/index.php\/wp-json\/wp\/v2\/users\/2"}],"replies":[{"embeddable":true,"href":"https:\/\/www.lejournalduforkane.com\/index.php\/wp-json\/wp\/v2\/comments?post=10204"}],"version-history":[{"count":1,"href":"https:\/\/www.lejournalduforkane.com\/index.php\/wp-json\/wp\/v2\/posts\/10204\/revisions"}],"predecessor-version":[{"id":10206,"href":"https:\/\/www.lejournalduforkane.com\/index.php\/wp-json\/wp\/v2\/posts\/10204\/revisions\/10206"}],"wp:attachment":[{"href":"https:\/\/www.lejournalduforkane.com\/index.php\/wp-json\/wp\/v2\/media?parent=10204"}],"wp:term":[{"taxonomy":"category","embeddable":true,"href":"https:\/\/www.lejournalduforkane.com\/index.php\/wp-json\/wp\/v2\/categories?post=10204"},{"taxonomy":"post_tag","embeddable":true,"href":"https:\/\/www.lejournalduforkane.com\/index.php\/wp-json\/wp\/v2\/tags?post=10204"}],"curies":[{"name":"wp","href":"https:\/\/api.w.org\/{rel}","templated":true}]}}