
{"id":10266,"date":"2016-12-28T19:58:12","date_gmt":"2016-12-28T19:58:12","guid":{"rendered":"https:\/\/www.lejournalduforkane.com\/?p=10266"},"modified":"2016-12-28T20:03:25","modified_gmt":"2016-12-28T20:03:25","slug":"prions-pour-le-yemen","status":"publish","type":"post","link":"https:\/\/www.lejournalduforkane.com\/index.php\/prions-pour-le-yemen\/","title":{"rendered":"[Vid\u00e9o] Prions pour le Y\u00e9men"},"content":{"rendered":"<p style=\"text-align: justify;\"><!--more--><\/p>\n<p style=\"text-align: justify;\">Voici le r\u00e9sultat de l\u2019agression des arabes sionistes contre le Y\u00e9men. Nous ne publions<img loading=\"lazy\" class=\" wp-image-10267 alignright\" src=\"https:\/\/www.lejournalduforkane.com\/wp-content\/uploads\/2016\/04\/prions-pour-le-Y\u00e9men-300x170.jpg\" alt=\"prions pour le Y\u00e9men\" width=\"219\" height=\"124\" srcset=\"https:\/\/www.lejournalduforkane.com\/wp-content\/uploads\/2016\/04\/prions-pour-le-Y\u00e9men-300x170.jpg 300w, https:\/\/www.lejournalduforkane.com\/wp-content\/uploads\/2016\/04\/prions-pour-le-Y\u00e9men.jpg 420w\" sizes=\"(max-width: 219px) 100vw, 219px\" \/> pas cette vid\u00e9o pour faire du buzz mais pour sensibiliser les gens sur le massacre (dont personne ne parle) qui se d\u00e9roule actuellement au Y\u00e9men.<\/p>\n<p style=\"text-align: justify;\">AL-MAHDI ET SES PARTISANS VIENDRONT AVEC SON GRAND PROJET POUR SAUVER LE Y\u00c9MEN DES GRIFFES DES MAUDITS ARABES SIONISTES QUI ONT TRAHI L\u2019ISLAM ET LES MUSULMANS. ILS ONT OUTREPASS\u00c9S TOUTES LES LIMITES\u2026.<\/p>\n<p><iframe loading=\"lazy\" src=\"https:\/\/www.youtube.com\/embed\/ggKGyrRloBA\" width=\"560\" height=\"315\" frameborder=\"0\" allowfullscreen=\"allowfullscreen\"><\/iframe><\/p>\n","protected":false},"excerpt":{"rendered":"Voici le r\u00e9sultat de l\u2019agression des arabes sionistes contre le Y\u00e9men. Nous ne publions pas cette vid\u00e9o pour faire du buzz mais pour sensibiliser les gens sur le massacre (dont","protected":false},"author":2,"featured_media":0,"comment_status":"open","ping_status":"open","sticky":false,"template":"","format":"standard","meta":[],"categories":[],"tags":[],"_links":{"self":[{"href":"https:\/\/www.lejournalduforkane.com\/index.php\/wp-json\/wp\/v2\/posts\/10266"}],"collection":[{"href":"https:\/\/www.lejournalduforkane.com\/index.php\/wp-json\/wp\/v2\/posts"}],"about":[{"href":"https:\/\/www.lejournalduforkane.com\/index.php\/wp-json\/wp\/v2\/types\/post"}],"author":[{"embeddable":true,"href":"https:\/\/www.lejournalduforkane.com\/index.php\/wp-json\/wp\/v2\/users\/2"}],"replies":[{"embeddable":true,"href":"https:\/\/www.lejournalduforkane.com\/index.php\/wp-json\/wp\/v2\/comments?post=10266"}],"version-history":[{"count":1,"href":"https:\/\/www.lejournalduforkane.com\/index.php\/wp-json\/wp\/v2\/posts\/10266\/revisions"}],"predecessor-version":[{"id":10268,"href":"https:\/\/www.lejournalduforkane.com\/index.php\/wp-json\/wp\/v2\/posts\/10266\/revisions\/10268"}],"wp:attachment":[{"href":"https:\/\/www.lejournalduforkane.com\/index.php\/wp-json\/wp\/v2\/media?parent=10266"}],"wp:term":[{"taxonomy":"category","embeddable":true,"href":"https:\/\/www.lejournalduforkane.com\/index.php\/wp-json\/wp\/v2\/categories?post=10266"},{"taxonomy":"post_tag","embeddable":true,"href":"https:\/\/www.lejournalduforkane.com\/index.php\/wp-json\/wp\/v2\/tags?post=10266"}],"curies":[{"name":"wp","href":"https:\/\/api.w.org\/{rel}","templated":true}]}}