
{"id":10276,"date":"2017-11-10T15:54:13","date_gmt":"2017-11-10T15:54:13","guid":{"rendered":"https:\/\/www.lejournalduforkane.com\/?p=10276"},"modified":"2017-11-10T17:56:10","modified_gmt":"2017-11-10T17:56:10","slug":"video-larabie-saoudit-demasquee","status":"publish","type":"post","link":"https:\/\/www.lejournalduforkane.com\/index.php\/video-larabie-saoudit-demasquee\/","title":{"rendered":"[VIDEO] L&rsquo;Arabie Saoudite d\u00e9masqu\u00e9e"},"content":{"rendered":"<p><!--more--><\/p>\n<p style=\"text-align: justify;\"><span class=\"_5yl5\">Documentaire incontournable sur la r\u00e9alit\u00e9 de l&rsquo;Arabie Saoudite, berceau du terrorisme mondial. L&rsquo;ARABIE SAOUDITE D\u00c9MASQU\u00c9E<\/span><\/p>\n<p><iframe loading=\"lazy\" src=\"https:\/\/www.youtube.com\/embed\/klD3zF9eJF8\" width=\"560\" height=\"315\" frameborder=\"0\" allowfullscreen=\"allowfullscreen\"><\/iframe><\/p>\n<p><img loading=\"lazy\" class=\"alignnone wp-image-10277 size-full\" src=\"https:\/\/www.lejournalduforkane.com\/wp-content\/uploads\/2016\/04\/v\u00e9rit\u00e9-sur-larabie.jpg\" alt=\"v\u00e9rit\u00e9 sur l'arabie\" width=\"638\" height=\"362\" srcset=\"https:\/\/www.lejournalduforkane.com\/wp-content\/uploads\/2016\/04\/v\u00e9rit\u00e9-sur-larabie.jpg 638w, https:\/\/www.lejournalduforkane.com\/wp-content\/uploads\/2016\/04\/v\u00e9rit\u00e9-sur-larabie-300x170.jpg 300w\" sizes=\"(max-width: 638px) 100vw, 638px\" \/><\/p>\n<p><img loading=\"lazy\" class=\"alignnone size-medium wp-image-10591\" src=\"https:\/\/www.lejournalduforkane.com\/wp-content\/uploads\/2016\/04\/coupeur-de-t\u00eate-300x157.jpg\" alt=\"coupeur de t\u00eate\" width=\"300\" height=\"157\" srcset=\"https:\/\/www.lejournalduforkane.com\/wp-content\/uploads\/2016\/04\/coupeur-de-t\u00eate-300x157.jpg 300w, https:\/\/www.lejournalduforkane.com\/wp-content\/uploads\/2016\/04\/coupeur-de-t\u00eate.jpg 422w\" sizes=\"(max-width: 300px) 100vw, 300px\" \/><\/p>\n<p>&nbsp;<\/p>\n","protected":false},"excerpt":{"rendered":"Documentaire incontournable sur la r\u00e9alit\u00e9 de l'Arabie Saoudite, berceau du terrorisme mondial. L'ARABIE SAOUDITE D\u00c9MASQU\u00c9E &nbsp;","protected":false},"author":2,"featured_media":0,"comment_status":"open","ping_status":"open","sticky":false,"template":"","format":"standard","meta":[],"categories":[49],"tags":[],"_links":{"self":[{"href":"https:\/\/www.lejournalduforkane.com\/index.php\/wp-json\/wp\/v2\/posts\/10276"}],"collection":[{"href":"https:\/\/www.lejournalduforkane.com\/index.php\/wp-json\/wp\/v2\/posts"}],"about":[{"href":"https:\/\/www.lejournalduforkane.com\/index.php\/wp-json\/wp\/v2\/types\/post"}],"author":[{"embeddable":true,"href":"https:\/\/www.lejournalduforkane.com\/index.php\/wp-json\/wp\/v2\/users\/2"}],"replies":[{"embeddable":true,"href":"https:\/\/www.lejournalduforkane.com\/index.php\/wp-json\/wp\/v2\/comments?post=10276"}],"version-history":[{"count":5,"href":"https:\/\/www.lejournalduforkane.com\/index.php\/wp-json\/wp\/v2\/posts\/10276\/revisions"}],"predecessor-version":[{"id":10593,"href":"https:\/\/www.lejournalduforkane.com\/index.php\/wp-json\/wp\/v2\/posts\/10276\/revisions\/10593"}],"wp:attachment":[{"href":"https:\/\/www.lejournalduforkane.com\/index.php\/wp-json\/wp\/v2\/media?parent=10276"}],"wp:term":[{"taxonomy":"category","embeddable":true,"href":"https:\/\/www.lejournalduforkane.com\/index.php\/wp-json\/wp\/v2\/categories?post=10276"},{"taxonomy":"post_tag","embeddable":true,"href":"https:\/\/www.lejournalduforkane.com\/index.php\/wp-json\/wp\/v2\/tags?post=10276"}],"curies":[{"name":"wp","href":"https:\/\/api.w.org\/{rel}","templated":true}]}}