
{"id":10356,"date":"2016-04-08T19:04:15","date_gmt":"2016-04-08T19:04:15","guid":{"rendered":"https:\/\/www.lejournalduforkane.com\/?p=10356"},"modified":"2016-04-08T19:04:15","modified_gmt":"2016-04-08T19:04:15","slug":"video-attaque-chimique-de-daesh","status":"publish","type":"post","link":"https:\/\/www.lejournalduforkane.com\/index.php\/video-attaque-chimique-de-daesh\/","title":{"rendered":"[VIDEO] Attaque chimique de daesh"},"content":{"rendered":"<p><!--more--><\/p>\n<p>=== VID\u00c9O CHOQUANTE ===<\/p>\n<p>Aujourd&rsquo;hui m\u00eame, Daesh a r\u00e9alis\u00e9 une attaque chimique entre 11h30 et 12h30 heures locales<\/p>\n<p><iframe loading=\"lazy\" src=\"https:\/\/www.youtube.com\/embed\/B0zb6_PBTjM\" width=\"560\" height=\"315\" frameborder=\"0\" allowfullscreen=\"allowfullscreen\"><\/iframe><\/p>\n<p><img loading=\"lazy\" class=\"alignnone size-medium wp-image-10357\" src=\"https:\/\/www.lejournalduforkane.com\/wp-content\/uploads\/2016\/04\/attaque-chimique-de-daesh-300x170.jpg\" alt=\"attaque chimique de daesh\" width=\"300\" height=\"170\" srcset=\"https:\/\/www.lejournalduforkane.com\/wp-content\/uploads\/2016\/04\/attaque-chimique-de-daesh-300x170.jpg 300w, https:\/\/www.lejournalduforkane.com\/wp-content\/uploads\/2016\/04\/attaque-chimique-de-daesh.jpg 419w\" sizes=\"(max-width: 300px) 100vw, 300px\" \/><\/p>\n","protected":false},"excerpt":{"rendered":"=== VID\u00c9O CHOQUANTE === Aujourd'hui m\u00eame, Daesh a r\u00e9alis\u00e9 une attaque chimique entre 11h30 et 12h30 heures locales","protected":false},"author":2,"featured_media":0,"comment_status":"open","ping_status":"open","sticky":false,"template":"","format":"standard","meta":[],"categories":[],"tags":[],"_links":{"self":[{"href":"https:\/\/www.lejournalduforkane.com\/index.php\/wp-json\/wp\/v2\/posts\/10356"}],"collection":[{"href":"https:\/\/www.lejournalduforkane.com\/index.php\/wp-json\/wp\/v2\/posts"}],"about":[{"href":"https:\/\/www.lejournalduforkane.com\/index.php\/wp-json\/wp\/v2\/types\/post"}],"author":[{"embeddable":true,"href":"https:\/\/www.lejournalduforkane.com\/index.php\/wp-json\/wp\/v2\/users\/2"}],"replies":[{"embeddable":true,"href":"https:\/\/www.lejournalduforkane.com\/index.php\/wp-json\/wp\/v2\/comments?post=10356"}],"version-history":[{"count":1,"href":"https:\/\/www.lejournalduforkane.com\/index.php\/wp-json\/wp\/v2\/posts\/10356\/revisions"}],"predecessor-version":[{"id":10358,"href":"https:\/\/www.lejournalduforkane.com\/index.php\/wp-json\/wp\/v2\/posts\/10356\/revisions\/10358"}],"wp:attachment":[{"href":"https:\/\/www.lejournalduforkane.com\/index.php\/wp-json\/wp\/v2\/media?parent=10356"}],"wp:term":[{"taxonomy":"category","embeddable":true,"href":"https:\/\/www.lejournalduforkane.com\/index.php\/wp-json\/wp\/v2\/categories?post=10356"},{"taxonomy":"post_tag","embeddable":true,"href":"https:\/\/www.lejournalduforkane.com\/index.php\/wp-json\/wp\/v2\/tags?post=10356"}],"curies":[{"name":"wp","href":"https:\/\/api.w.org\/{rel}","templated":true}]}}