
{"id":10365,"date":"2016-04-10T13:13:36","date_gmt":"2016-04-10T13:13:36","guid":{"rendered":"https:\/\/www.lejournalduforkane.com\/?p=10365"},"modified":"2016-04-10T13:13:36","modified_gmt":"2016-04-10T13:13:36","slug":"video-les-soldats-saoudiens-qui-ont-peur-de-sauter-dun-helicoptere","status":"publish","type":"post","link":"https:\/\/www.lejournalduforkane.com\/index.php\/video-les-soldats-saoudiens-qui-ont-peur-de-sauter-dun-helicoptere\/","title":{"rendered":"[Vid\u00e9o] |Les Soldats saoudiens qui ont peur de sauter d\u2019un h\u00e9licopt\u00e8re!!!"},"content":{"rendered":"<p style=\"text-align: justify;\"><!--more-->[Vid\u00e9o] | Regardez ces l\u00e2ches soldats saoudiens qui ont peur de sauter d\u2019un h\u00e9licopt\u00e8re lors d&rsquo;un exercice militaire !<\/p>\n<p style=\"text-align: justify;\">Ce sont ces m\u00eames soldats que les Al-Saoud voulaient envoyer au sol en Syrie !!!<\/p>\n<p><iframe loading=\"lazy\" src=\"https:\/\/www.youtube.com\/embed\/hUF7bDKQbPg\" width=\"420\" height=\"315\" frameborder=\"0\" allowfullscreen=\"allowfullscreen\"><\/iframe><\/p>\n<p><img loading=\"lazy\" class=\"alignnone size-medium wp-image-10366\" src=\"https:\/\/www.lejournalduforkane.com\/wp-content\/uploads\/2016\/04\/peur-de-lh\u00e9licopt\u00e8re-300x256.jpg\" alt=\"peur de l'h\u00e9licopt\u00e8re\" width=\"300\" height=\"256\" srcset=\"https:\/\/www.lejournalduforkane.com\/wp-content\/uploads\/2016\/04\/peur-de-lh\u00e9licopt\u00e8re-300x256.jpg 300w, https:\/\/www.lejournalduforkane.com\/wp-content\/uploads\/2016\/04\/peur-de-lh\u00e9licopt\u00e8re.jpg 375w\" sizes=\"(max-width: 300px) 100vw, 300px\" \/><\/p>\n","protected":false},"excerpt":{"rendered":"[Vid\u00e9o] | Regardez ces l\u00e2ches soldats saoudiens qui ont peur de sauter d\u2019un h\u00e9licopt\u00e8re lors d'un exercice militaire ! Ce sont ces m\u00eames soldats que les Al-Saoud voulaient envoyer au","protected":false},"author":2,"featured_media":0,"comment_status":"open","ping_status":"open","sticky":false,"template":"","format":"standard","meta":[],"categories":[],"tags":[],"_links":{"self":[{"href":"https:\/\/www.lejournalduforkane.com\/index.php\/wp-json\/wp\/v2\/posts\/10365"}],"collection":[{"href":"https:\/\/www.lejournalduforkane.com\/index.php\/wp-json\/wp\/v2\/posts"}],"about":[{"href":"https:\/\/www.lejournalduforkane.com\/index.php\/wp-json\/wp\/v2\/types\/post"}],"author":[{"embeddable":true,"href":"https:\/\/www.lejournalduforkane.com\/index.php\/wp-json\/wp\/v2\/users\/2"}],"replies":[{"embeddable":true,"href":"https:\/\/www.lejournalduforkane.com\/index.php\/wp-json\/wp\/v2\/comments?post=10365"}],"version-history":[{"count":1,"href":"https:\/\/www.lejournalduforkane.com\/index.php\/wp-json\/wp\/v2\/posts\/10365\/revisions"}],"predecessor-version":[{"id":10367,"href":"https:\/\/www.lejournalduforkane.com\/index.php\/wp-json\/wp\/v2\/posts\/10365\/revisions\/10367"}],"wp:attachment":[{"href":"https:\/\/www.lejournalduforkane.com\/index.php\/wp-json\/wp\/v2\/media?parent=10365"}],"wp:term":[{"taxonomy":"category","embeddable":true,"href":"https:\/\/www.lejournalduforkane.com\/index.php\/wp-json\/wp\/v2\/categories?post=10365"},{"taxonomy":"post_tag","embeddable":true,"href":"https:\/\/www.lejournalduforkane.com\/index.php\/wp-json\/wp\/v2\/tags?post=10365"}],"curies":[{"name":"wp","href":"https:\/\/api.w.org\/{rel}","templated":true}]}}