
{"id":10390,"date":"2016-04-11T14:21:27","date_gmt":"2016-04-11T14:21:27","guid":{"rendered":"https:\/\/www.lejournalduforkane.com\/?p=10390"},"modified":"2016-04-11T14:29:31","modified_gmt":"2016-04-11T14:29:31","slug":"ce-nest-pas-gaza-ca-y-ressemble-cest-le-yemen","status":"publish","type":"post","link":"https:\/\/www.lejournalduforkane.com\/index.php\/ce-nest-pas-gaza-ca-y-ressemble-cest-le-yemen\/","title":{"rendered":"Ce n&rsquo;est pas Gaza, \u00e7a y ressemble. C&rsquo;est le Y\u00e9men&#8230;."},"content":{"rendered":"<p><!--more--><span class=\"_5yl5\">Ce n&rsquo;est pas Gaza, \u00e7a y ressemble. C&rsquo;est le Y\u00e9men, un pays qui a \u00e9t\u00e9 transform\u00e9 en ruine par la maudite <\/span><span class=\"_5yl5\">Arabie<\/span><\/p>\n<p><iframe loading=\"lazy\" src=\"https:\/\/www.youtube.com\/embed\/NZsT1z-bbXE\" width=\"420\" height=\"315\" frameborder=\"0\" allowfullscreen=\"allowfullscreen\"><\/iframe><\/p>\n<p><img loading=\"lazy\" class=\" wp-image-10391 alignleft\" src=\"https:\/\/www.lejournalduforkane.com\/wp-content\/uploads\/2016\/04\/ce-nest-pas-gaza-cest-le-y\u00e9men-300x226.jpg\" alt=\"ce n'est pas gaza, c'est le y\u00e9men\" width=\"246\" height=\"185\" srcset=\"https:\/\/www.lejournalduforkane.com\/wp-content\/uploads\/2016\/04\/ce-nest-pas-gaza-cest-le-y\u00e9men-300x226.jpg 300w, https:\/\/www.lejournalduforkane.com\/wp-content\/uploads\/2016\/04\/ce-nest-pas-gaza-cest-le-y\u00e9men.jpg 645w\" sizes=\"(max-width: 246px) 100vw, 246px\" \/><\/p>\n<p>&nbsp;<\/p>\n<p>&nbsp;<\/p>\n<p>&nbsp;<\/p>\n<p>&nbsp;<\/p>\n<p>&nbsp;<\/p>\n<p>&nbsp;<\/p>\n<p>&nbsp;<\/p>\n","protected":false},"excerpt":{"rendered":"Ce n'est pas Gaza, \u00e7a y ressemble. C'est le Y\u00e9men, un pays qui a \u00e9t\u00e9 transform\u00e9 en ruine par la maudite Arabie &nbsp; &nbsp; &nbsp; &nbsp; &nbsp; &nbsp; &nbsp;","protected":false},"author":2,"featured_media":0,"comment_status":"open","ping_status":"open","sticky":false,"template":"","format":"standard","meta":[],"categories":[],"tags":[],"_links":{"self":[{"href":"https:\/\/www.lejournalduforkane.com\/index.php\/wp-json\/wp\/v2\/posts\/10390"}],"collection":[{"href":"https:\/\/www.lejournalduforkane.com\/index.php\/wp-json\/wp\/v2\/posts"}],"about":[{"href":"https:\/\/www.lejournalduforkane.com\/index.php\/wp-json\/wp\/v2\/types\/post"}],"author":[{"embeddable":true,"href":"https:\/\/www.lejournalduforkane.com\/index.php\/wp-json\/wp\/v2\/users\/2"}],"replies":[{"embeddable":true,"href":"https:\/\/www.lejournalduforkane.com\/index.php\/wp-json\/wp\/v2\/comments?post=10390"}],"version-history":[{"count":5,"href":"https:\/\/www.lejournalduforkane.com\/index.php\/wp-json\/wp\/v2\/posts\/10390\/revisions"}],"predecessor-version":[{"id":10396,"href":"https:\/\/www.lejournalduforkane.com\/index.php\/wp-json\/wp\/v2\/posts\/10390\/revisions\/10396"}],"wp:attachment":[{"href":"https:\/\/www.lejournalduforkane.com\/index.php\/wp-json\/wp\/v2\/media?parent=10390"}],"wp:term":[{"taxonomy":"category","embeddable":true,"href":"https:\/\/www.lejournalduforkane.com\/index.php\/wp-json\/wp\/v2\/categories?post=10390"},{"taxonomy":"post_tag","embeddable":true,"href":"https:\/\/www.lejournalduforkane.com\/index.php\/wp-json\/wp\/v2\/tags?post=10390"}],"curies":[{"name":"wp","href":"https:\/\/api.w.org\/{rel}","templated":true}]}}