
{"id":10463,"date":"2016-04-15T17:23:51","date_gmt":"2016-04-15T17:23:51","guid":{"rendered":"https:\/\/www.lejournalduforkane.com\/?p=10463"},"modified":"2016-04-15T17:23:51","modified_gmt":"2016-04-15T17:23:51","slug":"video-les-sauvages-soldats-de-loccupation-sioniste-ont-arrete-un-courageux-citoyen-italien","status":"publish","type":"post","link":"https:\/\/www.lejournalduforkane.com\/index.php\/video-les-sauvages-soldats-de-loccupation-sioniste-ont-arrete-un-courageux-citoyen-italien\/","title":{"rendered":"[Vid\u00e9o] | Les sauvages soldats de l&rsquo;occupation sioniste ont arr\u00eat\u00e9 un courageux citoyen italien"},"content":{"rendered":"<p style=\"text-align: justify;\"><!--more-->[Vid\u00e9o] | Les sauvages soldats de l&rsquo;occupation sioniste ont arr\u00eat\u00e9 un courageux citoyen italien Antonio Maurecios, qui travaille pour les droits de l&rsquo;Homme. Apr\u00e8s qu&rsquo;il a tent\u00e9 d&#8217;emp\u00eacher ces sauvages d\u2019arr\u00eater un enfant palestinien dans la ville d&rsquo;H\u00e9bron en Cisjordanie&#8230;<\/p>\n<p style=\"text-align: justify;\">VIVE LA PALESTINE<br \/>\nPARTAGER UN MAXIMUM CETTE VID\u00c9O<\/p>\n<p style=\"text-align: justify;\"><iframe loading=\"lazy\" src=\"https:\/\/www.youtube.com\/embed\/3Rs_-VSXuqk\" width=\"420\" height=\"315\" frameborder=\"0\" allowfullscreen=\"allowfullscreen\"><\/iframe><\/p>\n<p style=\"text-align: justify;\"><img loading=\"lazy\" class=\"alignnone size-medium wp-image-10464\" src=\"https:\/\/www.lejournalduforkane.com\/wp-content\/uploads\/2016\/04\/arrestation-dun-italien-300x176.jpg\" alt=\"arrestation d'un italien\" width=\"300\" height=\"176\" srcset=\"https:\/\/www.lejournalduforkane.com\/wp-content\/uploads\/2016\/04\/arrestation-dun-italien-300x176.jpg 300w, https:\/\/www.lejournalduforkane.com\/wp-content\/uploads\/2016\/04\/arrestation-dun-italien.jpg 422w\" sizes=\"(max-width: 300px) 100vw, 300px\" \/><\/p>\n","protected":false},"excerpt":{"rendered":"[Vid\u00e9o] | Les sauvages soldats de l'occupation sioniste ont arr\u00eat\u00e9 un courageux citoyen italien Antonio Maurecios, qui travaille pour les droits de l'Homme. Apr\u00e8s qu'il a tent\u00e9 d'emp\u00eacher ces sauvages","protected":false},"author":2,"featured_media":0,"comment_status":"open","ping_status":"open","sticky":false,"template":"","format":"standard","meta":[],"categories":[],"tags":[],"_links":{"self":[{"href":"https:\/\/www.lejournalduforkane.com\/index.php\/wp-json\/wp\/v2\/posts\/10463"}],"collection":[{"href":"https:\/\/www.lejournalduforkane.com\/index.php\/wp-json\/wp\/v2\/posts"}],"about":[{"href":"https:\/\/www.lejournalduforkane.com\/index.php\/wp-json\/wp\/v2\/types\/post"}],"author":[{"embeddable":true,"href":"https:\/\/www.lejournalduforkane.com\/index.php\/wp-json\/wp\/v2\/users\/2"}],"replies":[{"embeddable":true,"href":"https:\/\/www.lejournalduforkane.com\/index.php\/wp-json\/wp\/v2\/comments?post=10463"}],"version-history":[{"count":1,"href":"https:\/\/www.lejournalduforkane.com\/index.php\/wp-json\/wp\/v2\/posts\/10463\/revisions"}],"predecessor-version":[{"id":10465,"href":"https:\/\/www.lejournalduforkane.com\/index.php\/wp-json\/wp\/v2\/posts\/10463\/revisions\/10465"}],"wp:attachment":[{"href":"https:\/\/www.lejournalduforkane.com\/index.php\/wp-json\/wp\/v2\/media?parent=10463"}],"wp:term":[{"taxonomy":"category","embeddable":true,"href":"https:\/\/www.lejournalduforkane.com\/index.php\/wp-json\/wp\/v2\/categories?post=10463"},{"taxonomy":"post_tag","embeddable":true,"href":"https:\/\/www.lejournalduforkane.com\/index.php\/wp-json\/wp\/v2\/tags?post=10463"}],"curies":[{"name":"wp","href":"https:\/\/api.w.org\/{rel}","templated":true}]}}