
{"id":10470,"date":"2016-04-15T17:50:56","date_gmt":"2016-04-15T17:50:56","guid":{"rendered":"https:\/\/www.lejournalduforkane.com\/?p=10470"},"modified":"2016-04-15T17:51:50","modified_gmt":"2016-04-15T17:51:50","slug":"video-le-traitre-mahmoud-abbas-dort-lors-dune-conference-du-sommet-de-loci-a-istanbul","status":"publish","type":"post","link":"https:\/\/www.lejournalduforkane.com\/index.php\/video-le-traitre-mahmoud-abbas-dort-lors-dune-conference-du-sommet-de-loci-a-istanbul\/","title":{"rendered":"[Vid\u00e9o] | Le tra\u00eetre Mahmoud Abbas dort lors d&rsquo;une conf\u00e9rence du Sommet de l&rsquo;OCI \u00e0 Istanbul"},"content":{"rendered":"<p><!--more--><\/p>\n<p>C&rsquo;est cet homme qui accuse souvent le Hamas de saboter l\u2019unit\u00e9 palestinienne !!!<br \/>\n<iframe loading=\"lazy\" src=\"https:\/\/www.youtube.com\/embed\/RTsHLs5dAJY\" width=\"420\" height=\"315\" frameborder=\"0\" allowfullscreen=\"allowfullscreen\"><\/iframe><\/p>\n<p><img loading=\"lazy\" class=\"alignnone size-medium wp-image-10471\" src=\"https:\/\/www.lejournalduforkane.com\/wp-content\/uploads\/2016\/04\/abbas-dors-300x199.jpg\" alt=\"abbas dors\" width=\"300\" height=\"199\" srcset=\"https:\/\/www.lejournalduforkane.com\/wp-content\/uploads\/2016\/04\/abbas-dors-300x199.jpg 300w, https:\/\/www.lejournalduforkane.com\/wp-content\/uploads\/2016\/04\/abbas-dors.jpg 421w\" sizes=\"(max-width: 300px) 100vw, 300px\" \/><\/p>\n<p>&nbsp;<\/p>\n","protected":false},"excerpt":{"rendered":"C'est cet homme qui accuse souvent le Hamas de saboter l\u2019unit\u00e9 palestinienne !!! &nbsp;","protected":false},"author":2,"featured_media":0,"comment_status":"open","ping_status":"open","sticky":false,"template":"","format":"standard","meta":[],"categories":[],"tags":[],"_links":{"self":[{"href":"https:\/\/www.lejournalduforkane.com\/index.php\/wp-json\/wp\/v2\/posts\/10470"}],"collection":[{"href":"https:\/\/www.lejournalduforkane.com\/index.php\/wp-json\/wp\/v2\/posts"}],"about":[{"href":"https:\/\/www.lejournalduforkane.com\/index.php\/wp-json\/wp\/v2\/types\/post"}],"author":[{"embeddable":true,"href":"https:\/\/www.lejournalduforkane.com\/index.php\/wp-json\/wp\/v2\/users\/2"}],"replies":[{"embeddable":true,"href":"https:\/\/www.lejournalduforkane.com\/index.php\/wp-json\/wp\/v2\/comments?post=10470"}],"version-history":[{"count":1,"href":"https:\/\/www.lejournalduforkane.com\/index.php\/wp-json\/wp\/v2\/posts\/10470\/revisions"}],"predecessor-version":[{"id":10472,"href":"https:\/\/www.lejournalduforkane.com\/index.php\/wp-json\/wp\/v2\/posts\/10470\/revisions\/10472"}],"wp:attachment":[{"href":"https:\/\/www.lejournalduforkane.com\/index.php\/wp-json\/wp\/v2\/media?parent=10470"}],"wp:term":[{"taxonomy":"category","embeddable":true,"href":"https:\/\/www.lejournalduforkane.com\/index.php\/wp-json\/wp\/v2\/categories?post=10470"},{"taxonomy":"post_tag","embeddable":true,"href":"https:\/\/www.lejournalduforkane.com\/index.php\/wp-json\/wp\/v2\/tags?post=10470"}],"curies":[{"name":"wp","href":"https:\/\/api.w.org\/{rel}","templated":true}]}}