
{"id":10479,"date":"2016-04-16T13:06:11","date_gmt":"2016-04-16T13:06:11","guid":{"rendered":"https:\/\/www.lejournalduforkane.com\/?p=10479"},"modified":"2016-04-16T13:32:13","modified_gmt":"2016-04-16T13:32:13","slug":"video-la-province-de-sada-yemen-souffre","status":"publish","type":"post","link":"https:\/\/www.lejournalduforkane.com\/index.php\/video-la-province-de-sada-yemen-souffre\/","title":{"rendered":"[Vid\u00e9o] | La Province de Saada (Y\u00e9men) souffre"},"content":{"rendered":"<p style=\"text-align: justify;\"><!--more--><span class=\"_5yl5\">La Province de Saada souffre. La sant\u00e9 de la population locale se d\u00e9t\u00e9riore et le manque de m\u00e9dicaments se fait sentir, le nombre de bless\u00e9s augmente.<br \/>\nLa population de la province souffre \u00e9galement de malnutrition \u00e0 cause du si\u00e8ge continue sur le pays.<\/span><\/p>\n<p>On rapelle que 7 millions d\u2019enfants au Y\u00e9men dorment le ventre au creux et souffrent de malnutrition \u00e0 cause de la guerre et la pauvret\u00e9.<\/p>\n<p>L\u2019immense majorit\u00e9 des Musulmans se fiche \u00e9perdument du cher Islam et de la situation des Musulmans, tant que Daesh tue des \u00ab Musulmans Chiites \u00bb dans le Machreq cela n\u2019est pas si grave. Mais qu\u2019adviendra-t-il lorsque la roue tournera ?<\/p>\n<p>Il est une parole du Proph\u00e8te (P) qui est claire : \u00ab Si un crime est commis \u00e0 l\u2019orient et qu\u2019\u00e0 l\u2019occident quelqu\u2019un le justifie, ce dernier devient de fait partie prenante de ce crime \u00bb.<\/p>\n<p><iframe loading=\"lazy\" src=\"https:\/\/www.youtube.com\/embed\/Il3X5G5g2tQ\" width=\"420\" height=\"315\" frameborder=\"0\" allowfullscreen=\"allowfullscreen\"><\/iframe><\/p>\n<p><img loading=\"lazy\" class=\"alignnone size-medium wp-image-10481\" src=\"https:\/\/www.lejournalduforkane.com\/wp-content\/uploads\/2016\/04\/saada-souffre-300x172.jpg\" alt=\"saada souffre\" width=\"300\" height=\"172\" srcset=\"https:\/\/www.lejournalduforkane.com\/wp-content\/uploads\/2016\/04\/saada-souffre-300x172.jpg 300w, https:\/\/www.lejournalduforkane.com\/wp-content\/uploads\/2016\/04\/saada-souffre.jpg 654w\" sizes=\"(max-width: 300px) 100vw, 300px\" \/><\/p>\n<p>&nbsp;<\/p>\n","protected":false},"excerpt":{"rendered":"La Province de Saada souffre. La sant\u00e9 de la population locale se d\u00e9t\u00e9riore et le manque de m\u00e9dicaments se fait sentir, le nombre de bless\u00e9s augmente. La population de la","protected":false},"author":2,"featured_media":0,"comment_status":"open","ping_status":"open","sticky":false,"template":"","format":"standard","meta":[],"categories":[],"tags":[],"_links":{"self":[{"href":"https:\/\/www.lejournalduforkane.com\/index.php\/wp-json\/wp\/v2\/posts\/10479"}],"collection":[{"href":"https:\/\/www.lejournalduforkane.com\/index.php\/wp-json\/wp\/v2\/posts"}],"about":[{"href":"https:\/\/www.lejournalduforkane.com\/index.php\/wp-json\/wp\/v2\/types\/post"}],"author":[{"embeddable":true,"href":"https:\/\/www.lejournalduforkane.com\/index.php\/wp-json\/wp\/v2\/users\/2"}],"replies":[{"embeddable":true,"href":"https:\/\/www.lejournalduforkane.com\/index.php\/wp-json\/wp\/v2\/comments?post=10479"}],"version-history":[{"count":3,"href":"https:\/\/www.lejournalduforkane.com\/index.php\/wp-json\/wp\/v2\/posts\/10479\/revisions"}],"predecessor-version":[{"id":10489,"href":"https:\/\/www.lejournalduforkane.com\/index.php\/wp-json\/wp\/v2\/posts\/10479\/revisions\/10489"}],"wp:attachment":[{"href":"https:\/\/www.lejournalduforkane.com\/index.php\/wp-json\/wp\/v2\/media?parent=10479"}],"wp:term":[{"taxonomy":"category","embeddable":true,"href":"https:\/\/www.lejournalduforkane.com\/index.php\/wp-json\/wp\/v2\/categories?post=10479"},{"taxonomy":"post_tag","embeddable":true,"href":"https:\/\/www.lejournalduforkane.com\/index.php\/wp-json\/wp\/v2\/tags?post=10479"}],"curies":[{"name":"wp","href":"https:\/\/api.w.org\/{rel}","templated":true}]}}