
{"id":10496,"date":"2016-04-17T08:48:07","date_gmt":"2016-04-17T08:48:07","guid":{"rendered":"https:\/\/www.lejournalduforkane.com\/?p=10496"},"modified":"2016-04-17T08:48:48","modified_gmt":"2016-04-17T08:48:48","slug":"un-prince-saoudien-admet-lenvoi-darmes-aux-terroristes-anti-iran","status":"publish","type":"post","link":"https:\/\/www.lejournalduforkane.com\/index.php\/un-prince-saoudien-admet-lenvoi-darmes-aux-terroristes-anti-iran\/","title":{"rendered":"Un prince saoudien admet l&rsquo;envoi d&rsquo;armes aux terroristes anti-Iran"},"content":{"rendered":"<p><!--more--><\/p>\n<p style=\"text-align: justify;\"><span class=\"_5yl5\">C&rsquo;est le quotidien kowe\u00eftien Alaan qui l&rsquo;affirme en citant le prince h\u00e9ritier du tr\u00f4ne saoudien Muqrin bin Abdulaziz.<\/span><\/p>\n<p>Le quotidien nous informe aussi que l&rsquo;Arabie saoudite a envoy\u00e9 cinq cargaisons d&rsquo;armes pour les terroristes anti-Iran via des vols secrets \u00e0 la province pakistanaise du Baloutchistan.<\/p>\n<p>Ce prince est par ailleurs connu pour sa haine d\u00e9clar\u00e9e \u00e0 l&rsquo;Iran.<\/p>\n<p><iframe loading=\"lazy\" src=\"https:\/\/www.youtube.com\/embed\/3QuPJhz4I8E\" width=\"560\" height=\"315\" frameborder=\"0\" allowfullscreen=\"allowfullscreen\"><\/iframe><\/p>\n<p><img loading=\"lazy\" class=\"alignnone size-medium wp-image-10497\" src=\"https:\/\/www.lejournalduforkane.com\/wp-content\/uploads\/2016\/04\/prince-donne-des-armes-aux-terroristes-anti-iranien-300x169.jpg\" alt=\"prince donne des armes aux terroristes anti iranien\" width=\"300\" height=\"169\" srcset=\"https:\/\/www.lejournalduforkane.com\/wp-content\/uploads\/2016\/04\/prince-donne-des-armes-aux-terroristes-anti-iranien-300x169.jpg 300w, https:\/\/www.lejournalduforkane.com\/wp-content\/uploads\/2016\/04\/prince-donne-des-armes-aux-terroristes-anti-iranien.jpg 639w\" sizes=\"(max-width: 300px) 100vw, 300px\" \/><\/p>\n","protected":false},"excerpt":{"rendered":"C'est le quotidien kowe\u00eftien Alaan qui l'affirme en citant le prince h\u00e9ritier du tr\u00f4ne saoudien Muqrin bin Abdulaziz. Le quotidien nous informe aussi que l'Arabie saoudite a envoy\u00e9 cinq cargaisons","protected":false},"author":2,"featured_media":0,"comment_status":"open","ping_status":"open","sticky":false,"template":"","format":"standard","meta":[],"categories":[],"tags":[],"_links":{"self":[{"href":"https:\/\/www.lejournalduforkane.com\/index.php\/wp-json\/wp\/v2\/posts\/10496"}],"collection":[{"href":"https:\/\/www.lejournalduforkane.com\/index.php\/wp-json\/wp\/v2\/posts"}],"about":[{"href":"https:\/\/www.lejournalduforkane.com\/index.php\/wp-json\/wp\/v2\/types\/post"}],"author":[{"embeddable":true,"href":"https:\/\/www.lejournalduforkane.com\/index.php\/wp-json\/wp\/v2\/users\/2"}],"replies":[{"embeddable":true,"href":"https:\/\/www.lejournalduforkane.com\/index.php\/wp-json\/wp\/v2\/comments?post=10496"}],"version-history":[{"count":1,"href":"https:\/\/www.lejournalduforkane.com\/index.php\/wp-json\/wp\/v2\/posts\/10496\/revisions"}],"predecessor-version":[{"id":10498,"href":"https:\/\/www.lejournalduforkane.com\/index.php\/wp-json\/wp\/v2\/posts\/10496\/revisions\/10498"}],"wp:attachment":[{"href":"https:\/\/www.lejournalduforkane.com\/index.php\/wp-json\/wp\/v2\/media?parent=10496"}],"wp:term":[{"taxonomy":"category","embeddable":true,"href":"https:\/\/www.lejournalduforkane.com\/index.php\/wp-json\/wp\/v2\/categories?post=10496"},{"taxonomy":"post_tag","embeddable":true,"href":"https:\/\/www.lejournalduforkane.com\/index.php\/wp-json\/wp\/v2\/tags?post=10496"}],"curies":[{"name":"wp","href":"https:\/\/api.w.org\/{rel}","templated":true}]}}