
{"id":10504,"date":"2016-04-17T14:57:22","date_gmt":"2016-04-17T14:57:22","guid":{"rendered":"https:\/\/www.lejournalduforkane.com\/?p=10504"},"modified":"2016-04-17T14:57:22","modified_gmt":"2016-04-17T14:57:22","slug":"video-l-liran-exhibe-ses-missiles-s-300-livres-par-la-russie","status":"publish","type":"post","link":"https:\/\/www.lejournalduforkane.com\/index.php\/video-l-liran-exhibe-ses-missiles-s-300-livres-par-la-russie\/","title":{"rendered":"[VIDEO] l L&rsquo;Iran exhibe ses missiles S-300 livr\u00e9s par la Russie"},"content":{"rendered":"<p style=\"text-align: justify;\"><!--more-->[Vid\u00e9o] | Pour la premi\u00e8re fois, l&rsquo;Iran exhibe ses missiles S-300 livr\u00e9s par la Russie lors du d\u00e9fil\u00e9 militaire \u00e0 l&rsquo;occasion du Jour de l&rsquo;arm\u00e9e nationale<\/p>\n<p style=\"text-align: justify;\">Que pensez-vous de acquisition de ces armes par l&rsquo;Iran ?<\/p>\n<p><iframe loading=\"lazy\" src=\"https:\/\/www.youtube.com\/embed\/2dwRHZDWWms\" width=\"420\" height=\"315\" frameborder=\"0\" allowfullscreen=\"allowfullscreen\"><\/iframe><\/p>\n<p><img loading=\"lazy\" class=\"alignnone size-medium wp-image-10505\" src=\"https:\/\/www.lejournalduforkane.com\/wp-content\/uploads\/2016\/04\/S300-livr\u00e9-par-liran.-3-300x209.jpg\" alt=\"S300 livr\u00e9 par l'iran. 3\" width=\"300\" height=\"209\" srcset=\"https:\/\/www.lejournalduforkane.com\/wp-content\/uploads\/2016\/04\/S300-livr\u00e9-par-liran.-3-300x209.jpg 300w, https:\/\/www.lejournalduforkane.com\/wp-content\/uploads\/2016\/04\/S300-livr\u00e9-par-liran.-3.jpg 602w\" sizes=\"(max-width: 300px) 100vw, 300px\" \/> <img loading=\"lazy\" class=\"alignnone size-medium wp-image-10506\" src=\"https:\/\/www.lejournalduforkane.com\/wp-content\/uploads\/2016\/04\/S300-livr\u00e9-par-liran.-2-300x180.jpg\" alt=\"S300 livr\u00e9 par l'iran. 2\" width=\"300\" height=\"180\" srcset=\"https:\/\/www.lejournalduforkane.com\/wp-content\/uploads\/2016\/04\/S300-livr\u00e9-par-liran.-2-300x180.jpg 300w, https:\/\/www.lejournalduforkane.com\/wp-content\/uploads\/2016\/04\/S300-livr\u00e9-par-liran.-2-768x461.jpg 768w, https:\/\/www.lejournalduforkane.com\/wp-content\/uploads\/2016\/04\/S300-livr\u00e9-par-liran.-2.jpg 960w\" sizes=\"(max-width: 300px) 100vw, 300px\" \/> <img loading=\"lazy\" class=\"alignnone size-medium wp-image-10507\" src=\"https:\/\/www.lejournalduforkane.com\/wp-content\/uploads\/2016\/04\/S300-livr\u00e9-par-liran.-1-300x185.jpg\" alt=\"S300 livr\u00e9 par l'iran. 1\" width=\"300\" height=\"185\" srcset=\"https:\/\/www.lejournalduforkane.com\/wp-content\/uploads\/2016\/04\/S300-livr\u00e9-par-liran.-1-300x185.jpg 300w, https:\/\/www.lejournalduforkane.com\/wp-content\/uploads\/2016\/04\/S300-livr\u00e9-par-liran.-1.jpg 480w\" sizes=\"(max-width: 300px) 100vw, 300px\" \/> <img loading=\"lazy\" class=\"alignnone size-medium wp-image-10508\" src=\"https:\/\/www.lejournalduforkane.com\/wp-content\/uploads\/2016\/04\/S300-livr\u00e9-par-liran-300x226.jpg\" alt=\"S300 livr\u00e9 par l'iran\" width=\"300\" height=\"226\" srcset=\"https:\/\/www.lejournalduforkane.com\/wp-content\/uploads\/2016\/04\/S300-livr\u00e9-par-liran-300x226.jpg 300w, https:\/\/www.lejournalduforkane.com\/wp-content\/uploads\/2016\/04\/S300-livr\u00e9-par-liran.jpg 420w\" sizes=\"(max-width: 300px) 100vw, 300px\" \/><\/p>\n","protected":false},"excerpt":{"rendered":"[Vid\u00e9o] | Pour la premi\u00e8re fois, l'Iran exhibe ses missiles S-300 livr\u00e9s par la Russie lors du d\u00e9fil\u00e9 militaire \u00e0 l'occasion du Jour de l'arm\u00e9e nationale Que pensez-vous de acquisition","protected":false},"author":2,"featured_media":0,"comment_status":"open","ping_status":"open","sticky":false,"template":"","format":"standard","meta":[],"categories":[],"tags":[],"_links":{"self":[{"href":"https:\/\/www.lejournalduforkane.com\/index.php\/wp-json\/wp\/v2\/posts\/10504"}],"collection":[{"href":"https:\/\/www.lejournalduforkane.com\/index.php\/wp-json\/wp\/v2\/posts"}],"about":[{"href":"https:\/\/www.lejournalduforkane.com\/index.php\/wp-json\/wp\/v2\/types\/post"}],"author":[{"embeddable":true,"href":"https:\/\/www.lejournalduforkane.com\/index.php\/wp-json\/wp\/v2\/users\/2"}],"replies":[{"embeddable":true,"href":"https:\/\/www.lejournalduforkane.com\/index.php\/wp-json\/wp\/v2\/comments?post=10504"}],"version-history":[{"count":1,"href":"https:\/\/www.lejournalduforkane.com\/index.php\/wp-json\/wp\/v2\/posts\/10504\/revisions"}],"predecessor-version":[{"id":10509,"href":"https:\/\/www.lejournalduforkane.com\/index.php\/wp-json\/wp\/v2\/posts\/10504\/revisions\/10509"}],"wp:attachment":[{"href":"https:\/\/www.lejournalduforkane.com\/index.php\/wp-json\/wp\/v2\/media?parent=10504"}],"wp:term":[{"taxonomy":"category","embeddable":true,"href":"https:\/\/www.lejournalduforkane.com\/index.php\/wp-json\/wp\/v2\/categories?post=10504"},{"taxonomy":"post_tag","embeddable":true,"href":"https:\/\/www.lejournalduforkane.com\/index.php\/wp-json\/wp\/v2\/tags?post=10504"}],"curies":[{"name":"wp","href":"https:\/\/api.w.org\/{rel}","templated":true}]}}