
{"id":10540,"date":"2016-04-20T16:17:44","date_gmt":"2016-04-20T16:17:44","guid":{"rendered":"https:\/\/www.lejournalduforkane.com\/?p=10540"},"modified":"2016-08-28T13:57:20","modified_gmt":"2016-08-28T13:57:20","slug":"explosion-dun-bus-a-fait-une-vingtaine-de-blesses-dont-2-grievement","status":"publish","type":"post","link":"https:\/\/www.lejournalduforkane.com\/index.php\/explosion-dun-bus-a-fait-une-vingtaine-de-blesses-dont-2-grievement\/","title":{"rendered":"Explosion d&rsquo;un bus a fait une vingtaine de bless\u00e9s dont deux gri\u00e8vement"},"content":{"rendered":"<p><!--more--><\/p>\n<p style=\"text-align: justify;\">Plus d\u2019un an apr\u00e8s le d\u00e9but de l\u2019Intifada de J\u00e9rusalem appel\u00e9 \u00e9galement l\u2019Intifada des couteaux o\u00f9 des Palestiniens, des jeunes filles notamment mais pas seulement, se soul\u00e8vent contre la brute de sioniste pour d\u00e9fendre leur droit. C\u2019est que les Palestiniens ne se rendent pas.<\/p>\n<p style=\"text-align: justify;\">Ainsi le bus a explos\u00e9 au c\u0153ur de J\u00e9rusalem Al-Qods, le lendemain de la d\u00e9claration provocatrice de Netanyahou sur le Golan, (\u00ab Le plateau du Golan nous appartient pour toujours \u00bb). Isra\u00ebl ne communique pas et op\u00e8re un block-out sur ce qui s\u2019est r\u00e9ellement pass\u00e9 ainsi que sur le nombre de victimes.<br \/>\nTout le monde est cependant d\u2019accord hier sur le fait que nous sommes pass\u00e9 \u00e0 un autre stade. En Isra\u00ebl et partout dans le monde les sionistes paniquent !!! C\u2019est s\u00fbr maintenant la demande de Khamenei le Guide de la R\u00e9volution iranienne s\u2019est accomplie : \u00ab il faut armer la Cisjordanie \u00bb<\/p>\n<p style=\"text-align: justify;\">NOUS SOMMES DE TOUT C\u0152UR AVEC LES PALESTINIENS QUI MALGRE LEUR SOUFFRANCE CONTINUENT DE LUTTER.<\/p>\n<p><iframe loading=\"lazy\" src=\"https:\/\/www.youtube.com\/embed\/aK_QJHQElLw\" width=\"560\" height=\"315\" frameborder=\"0\" allowfullscreen=\"allowfullscreen\"><\/iframe><\/p>\n<p><img loading=\"lazy\" class=\"alignnone size-medium wp-image-10541\" src=\"https:\/\/www.lejournalduforkane.com\/wp-content\/uploads\/2016\/04\/explosion-israel-300x169.png\" alt=\"explosion israel\" width=\"300\" height=\"169\" srcset=\"https:\/\/www.lejournalduforkane.com\/wp-content\/uploads\/2016\/04\/explosion-israel-300x169.png 300w, https:\/\/www.lejournalduforkane.com\/wp-content\/uploads\/2016\/04\/explosion-israel.png 640w\" sizes=\"(max-width: 300px) 100vw, 300px\" \/><\/p>\n","protected":false},"excerpt":{"rendered":"Plus d\u2019un an apr\u00e8s le d\u00e9but de l\u2019Intifada de J\u00e9rusalem appel\u00e9 \u00e9galement l\u2019Intifada des couteaux o\u00f9 des Palestiniens, des jeunes filles notamment mais pas seulement, se soul\u00e8vent contre la brute","protected":false},"author":2,"featured_media":0,"comment_status":"open","ping_status":"open","sticky":false,"template":"","format":"standard","meta":[],"categories":[],"tags":[],"_links":{"self":[{"href":"https:\/\/www.lejournalduforkane.com\/index.php\/wp-json\/wp\/v2\/posts\/10540"}],"collection":[{"href":"https:\/\/www.lejournalduforkane.com\/index.php\/wp-json\/wp\/v2\/posts"}],"about":[{"href":"https:\/\/www.lejournalduforkane.com\/index.php\/wp-json\/wp\/v2\/types\/post"}],"author":[{"embeddable":true,"href":"https:\/\/www.lejournalduforkane.com\/index.php\/wp-json\/wp\/v2\/users\/2"}],"replies":[{"embeddable":true,"href":"https:\/\/www.lejournalduforkane.com\/index.php\/wp-json\/wp\/v2\/comments?post=10540"}],"version-history":[{"count":7,"href":"https:\/\/www.lejournalduforkane.com\/index.php\/wp-json\/wp\/v2\/posts\/10540\/revisions"}],"predecessor-version":[{"id":12805,"href":"https:\/\/www.lejournalduforkane.com\/index.php\/wp-json\/wp\/v2\/posts\/10540\/revisions\/12805"}],"wp:attachment":[{"href":"https:\/\/www.lejournalduforkane.com\/index.php\/wp-json\/wp\/v2\/media?parent=10540"}],"wp:term":[{"taxonomy":"category","embeddable":true,"href":"https:\/\/www.lejournalduforkane.com\/index.php\/wp-json\/wp\/v2\/categories?post=10540"},{"taxonomy":"post_tag","embeddable":true,"href":"https:\/\/www.lejournalduforkane.com\/index.php\/wp-json\/wp\/v2\/tags?post=10540"}],"curies":[{"name":"wp","href":"https:\/\/api.w.org\/{rel}","templated":true}]}}