
{"id":10556,"date":"2016-04-22T11:20:01","date_gmt":"2016-04-22T11:20:01","guid":{"rendered":"https:\/\/www.lejournalduforkane.com\/?p=10556"},"modified":"2016-04-22T11:20:01","modified_gmt":"2016-04-22T11:20:01","slug":"les-bombes-fournies-par-les-etats-unis-ont-tues-au-moins-97-civils-au-yemen","status":"publish","type":"post","link":"https:\/\/www.lejournalduforkane.com\/index.php\/les-bombes-fournies-par-les-etats-unis-ont-tues-au-moins-97-civils-au-yemen\/","title":{"rendered":"Les bombes fournies par les \u00c9tats Unis ont tu\u00e9s au moins 97 civils au Y\u00e9men"},"content":{"rendered":"<p><!--more--><\/p>\n<p>Les bombes fournies par les \u00c9tats-Unis ont tu\u00e9s au moins 97 civils au Y\u00e9men.<br \/>\nNous demandons l&rsquo;arr\u00eat de la vente d&rsquo;armes \u00e0 l&rsquo;Arabie Saoudite, MAINTENANT.<\/p>\n<p><iframe loading=\"lazy\" src=\"https:\/\/www.youtube.com\/embed\/jPAJP9eupMk\" width=\"560\" height=\"315\" frameborder=\"0\" allowfullscreen=\"allowfullscreen\"><\/iframe><\/p>\n<p><img loading=\"lazy\" class=\"alignnone wp-image-10557 size-full\" src=\"https:\/\/www.lejournalduforkane.com\/wp-content\/uploads\/2016\/04\/bombe-yemen.png\" alt=\"bombe yemen\" width=\"826\" height=\"464\" srcset=\"https:\/\/www.lejournalduforkane.com\/wp-content\/uploads\/2016\/04\/bombe-yemen.png 826w, https:\/\/www.lejournalduforkane.com\/wp-content\/uploads\/2016\/04\/bombe-yemen-300x169.png 300w, https:\/\/www.lejournalduforkane.com\/wp-content\/uploads\/2016\/04\/bombe-yemen-768x431.png 768w\" sizes=\"(max-width: 826px) 100vw, 826px\" \/><\/p>\n","protected":false},"excerpt":{"rendered":"Les bombes fournies par les \u00c9tats-Unis ont tu\u00e9s au moins 97 civils au Y\u00e9men. Nous demandons l'arr\u00eat de la vente d'armes \u00e0 l'Arabie Saoudite, MAINTENANT.","protected":false},"author":2,"featured_media":0,"comment_status":"open","ping_status":"open","sticky":false,"template":"","format":"standard","meta":[],"categories":[],"tags":[],"_links":{"self":[{"href":"https:\/\/www.lejournalduforkane.com\/index.php\/wp-json\/wp\/v2\/posts\/10556"}],"collection":[{"href":"https:\/\/www.lejournalduforkane.com\/index.php\/wp-json\/wp\/v2\/posts"}],"about":[{"href":"https:\/\/www.lejournalduforkane.com\/index.php\/wp-json\/wp\/v2\/types\/post"}],"author":[{"embeddable":true,"href":"https:\/\/www.lejournalduforkane.com\/index.php\/wp-json\/wp\/v2\/users\/2"}],"replies":[{"embeddable":true,"href":"https:\/\/www.lejournalduforkane.com\/index.php\/wp-json\/wp\/v2\/comments?post=10556"}],"version-history":[{"count":1,"href":"https:\/\/www.lejournalduforkane.com\/index.php\/wp-json\/wp\/v2\/posts\/10556\/revisions"}],"predecessor-version":[{"id":10558,"href":"https:\/\/www.lejournalduforkane.com\/index.php\/wp-json\/wp\/v2\/posts\/10556\/revisions\/10558"}],"wp:attachment":[{"href":"https:\/\/www.lejournalduforkane.com\/index.php\/wp-json\/wp\/v2\/media?parent=10556"}],"wp:term":[{"taxonomy":"category","embeddable":true,"href":"https:\/\/www.lejournalduforkane.com\/index.php\/wp-json\/wp\/v2\/categories?post=10556"},{"taxonomy":"post_tag","embeddable":true,"href":"https:\/\/www.lejournalduforkane.com\/index.php\/wp-json\/wp\/v2\/tags?post=10556"}],"curies":[{"name":"wp","href":"https:\/\/api.w.org\/{rel}","templated":true}]}}