
{"id":10561,"date":"2017-02-13T11:35:17","date_gmt":"2017-02-13T11:35:17","guid":{"rendered":"https:\/\/www.lejournalduforkane.com\/?p=10561"},"modified":"2017-02-13T19:37:36","modified_gmt":"2017-02-13T19:37:36","slug":"hiroshima-au-yemen-horrifiants1","status":"publish","type":"post","link":"https:\/\/www.lejournalduforkane.com\/index.php\/hiroshima-au-yemen-horrifiants1\/","title":{"rendered":"Hiroshima au Y\u00e9men Horrifiants !"},"content":{"rendered":"<p><!--more--><\/p>\n<p>Voil\u00e0 plus d&rsquo;un an que l\u2019Arabie et une coalition de tra\u00eetres arabes font souffrir le martyr au peuple b\u00e9ni du Y\u00e9men. Il y a d\u00e9j\u00e0 milliers de morts et des dizaines de milliers bless\u00e9s\u2026.<\/p>\n<p>La plupart des victimes sont des enfants, des femmes et des vieillards br\u00fbles avec des bombes aux phosphores blancs ou au napalm, d\u00e9chiquet\u00e9s par des bombes \u00e0 sous munitions. Les avions F15, F16, B52 etc., les bateaux de guerres qui bombardent ce peuple b\u00e9ni n\u2019\u00e9meuvent personne\u2026PAS M\u00caME LES MUSULMANS\u2026.<\/p>\n<p><iframe loading=\"lazy\" src=\"https:\/\/www.youtube.com\/embed\/LptdjCsqVc0\" width=\"420\" height=\"315\" frameborder=\"0\" allowfullscreen=\"allowfullscreen\"><\/iframe><\/p>\n<p>&nbsp;<\/p>\n","protected":false},"excerpt":{"rendered":"Voil\u00e0 plus d'un an que l\u2019Arabie et une coalition de tra\u00eetres arabes font souffrir le martyr au peuple b\u00e9ni du Y\u00e9men. Il y a d\u00e9j\u00e0 milliers de morts et des","protected":false},"author":2,"featured_media":0,"comment_status":"open","ping_status":"open","sticky":false,"template":"","format":"standard","meta":[],"categories":[],"tags":[],"_links":{"self":[{"href":"https:\/\/www.lejournalduforkane.com\/index.php\/wp-json\/wp\/v2\/posts\/10561"}],"collection":[{"href":"https:\/\/www.lejournalduforkane.com\/index.php\/wp-json\/wp\/v2\/posts"}],"about":[{"href":"https:\/\/www.lejournalduforkane.com\/index.php\/wp-json\/wp\/v2\/types\/post"}],"author":[{"embeddable":true,"href":"https:\/\/www.lejournalduforkane.com\/index.php\/wp-json\/wp\/v2\/users\/2"}],"replies":[{"embeddable":true,"href":"https:\/\/www.lejournalduforkane.com\/index.php\/wp-json\/wp\/v2\/comments?post=10561"}],"version-history":[{"count":2,"href":"https:\/\/www.lejournalduforkane.com\/index.php\/wp-json\/wp\/v2\/posts\/10561\/revisions"}],"predecessor-version":[{"id":15452,"href":"https:\/\/www.lejournalduforkane.com\/index.php\/wp-json\/wp\/v2\/posts\/10561\/revisions\/15452"}],"wp:attachment":[{"href":"https:\/\/www.lejournalduforkane.com\/index.php\/wp-json\/wp\/v2\/media?parent=10561"}],"wp:term":[{"taxonomy":"category","embeddable":true,"href":"https:\/\/www.lejournalduforkane.com\/index.php\/wp-json\/wp\/v2\/categories?post=10561"},{"taxonomy":"post_tag","embeddable":true,"href":"https:\/\/www.lejournalduforkane.com\/index.php\/wp-json\/wp\/v2\/tags?post=10561"}],"curies":[{"name":"wp","href":"https:\/\/api.w.org\/{rel}","templated":true}]}}