
{"id":10576,"date":"2016-04-22T15:49:39","date_gmt":"2016-04-22T15:49:39","guid":{"rendered":"https:\/\/www.lejournalduforkane.com\/?p=10576"},"modified":"2016-04-22T15:51:16","modified_gmt":"2016-04-22T15:51:16","slug":"solidarite-avec-la-palestine","status":"publish","type":"post","link":"https:\/\/www.lejournalduforkane.com\/index.php\/solidarite-avec-la-palestine\/","title":{"rendered":"Solidarit\u00e9 avec la Palestine"},"content":{"rendered":"<p><!--more--><\/p>\n<p>Des \u00e9tudiants manifestent en faveur des Palestiniens, \u00e0 l&rsquo;universit\u00e9 du Maryland (Nord-Est des \u00c9tats-Unis).<\/p>\n<p>NOUS SOMMES DE TOUT C\u0152UR AVEC LES PALESTINIENS QUI MALGR\u00c9 LEUR SOUFFRANCE CONTINUENT DE LUTTER.<\/p>\n<p><iframe loading=\"lazy\" src=\"https:\/\/www.youtube.com\/embed\/w9BiC2tRj5g\" width=\"420\" height=\"315\" frameborder=\"0\" allowfullscreen=\"allowfullscreen\"><\/iframe><br \/>\n<img loading=\"lazy\" class=\"alignnone wp-image-10577 size-full\" src=\"https:\/\/www.lejournalduforkane.com\/wp-content\/uploads\/2016\/04\/palestine.png\" alt=\"palestine\" width=\"267\" height=\"479\" srcset=\"https:\/\/www.lejournalduforkane.com\/wp-content\/uploads\/2016\/04\/palestine.png 267w, https:\/\/www.lejournalduforkane.com\/wp-content\/uploads\/2016\/04\/palestine-167x300.png 167w\" sizes=\"(max-width: 267px) 100vw, 267px\" \/><\/p>\n","protected":false},"excerpt":{"rendered":"Des \u00e9tudiants manifestent en faveur des Palestiniens, \u00e0 l'universit\u00e9 du Maryland (Nord-Est des \u00c9tats-Unis). NOUS SOMMES DE TOUT C\u0152UR AVEC LES PALESTINIENS QUI MALGR\u00c9 LEUR SOUFFRANCE CONTINUENT DE LUTTER.","protected":false},"author":2,"featured_media":0,"comment_status":"open","ping_status":"open","sticky":false,"template":"","format":"standard","meta":[],"categories":[],"tags":[],"_links":{"self":[{"href":"https:\/\/www.lejournalduforkane.com\/index.php\/wp-json\/wp\/v2\/posts\/10576"}],"collection":[{"href":"https:\/\/www.lejournalduforkane.com\/index.php\/wp-json\/wp\/v2\/posts"}],"about":[{"href":"https:\/\/www.lejournalduforkane.com\/index.php\/wp-json\/wp\/v2\/types\/post"}],"author":[{"embeddable":true,"href":"https:\/\/www.lejournalduforkane.com\/index.php\/wp-json\/wp\/v2\/users\/2"}],"replies":[{"embeddable":true,"href":"https:\/\/www.lejournalduforkane.com\/index.php\/wp-json\/wp\/v2\/comments?post=10576"}],"version-history":[{"count":2,"href":"https:\/\/www.lejournalduforkane.com\/index.php\/wp-json\/wp\/v2\/posts\/10576\/revisions"}],"predecessor-version":[{"id":10579,"href":"https:\/\/www.lejournalduforkane.com\/index.php\/wp-json\/wp\/v2\/posts\/10576\/revisions\/10579"}],"wp:attachment":[{"href":"https:\/\/www.lejournalduforkane.com\/index.php\/wp-json\/wp\/v2\/media?parent=10576"}],"wp:term":[{"taxonomy":"category","embeddable":true,"href":"https:\/\/www.lejournalduforkane.com\/index.php\/wp-json\/wp\/v2\/categories?post=10576"},{"taxonomy":"post_tag","embeddable":true,"href":"https:\/\/www.lejournalduforkane.com\/index.php\/wp-json\/wp\/v2\/tags?post=10576"}],"curies":[{"name":"wp","href":"https:\/\/api.w.org\/{rel}","templated":true}]}}