
{"id":10608,"date":"2016-04-24T13:44:32","date_gmt":"2016-04-24T13:44:32","guid":{"rendered":"https:\/\/www.lejournalduforkane.com\/?p=10608"},"modified":"2016-04-24T13:44:32","modified_gmt":"2016-04-24T13:44:32","slug":"le-plus-jeune-prisonnier-dans-le-monde-a-ete-libere-il-y-a-quelques-heures-des-geoles-sionistes","status":"publish","type":"post","link":"https:\/\/www.lejournalduforkane.com\/index.php\/le-plus-jeune-prisonnier-dans-le-monde-a-ete-libere-il-y-a-quelques-heures-des-geoles-sionistes\/","title":{"rendered":"Le plus jeune prisonnier dans le monde a \u00e9t\u00e9 lib\u00e9r\u00e9 il y a quelques heures des ge\u00f4les sionistes"},"content":{"rendered":"<p style=\"text-align: justify;\"><!--more-->Dima al-Wawi, 12 ans, avait \u00e9t\u00e9 arr\u00eat\u00e9e par l&rsquo;occupation sioniste le 2 f\u00e9vrier 2016 et avait \u00e9t\u00e9 condamn\u00e9e \u00e0 4 mois de prison. Originaire d&rsquo;Halhoul, au nord d&rsquo;al-Khalil\/H\u00e9bron. Les forces d&rsquo;occupation sioniste l&rsquo;avait arr\u00eat\u00e9e pr\u00e8s de la colonie de Karmei Tzur et l&rsquo;aavait accus\u00e9e d&rsquo;avoir eu l&rsquo;intention d&rsquo;attaquer un colon avec un couteau qu&rsquo;elle aurait transport\u00e9 dans son cartable.<\/p>\n<p style=\"text-align: justify;\">NOUS SOMMES DE TOUT C\u0152UR AVEC LES PALESTINIENS QUI MALGR\u00c9 LEUR SOUFFRANCE CONTINUENT DE LUTTER.<\/p>\n<p><iframe loading=\"lazy\" src=\"https:\/\/www.youtube.com\/embed\/Dg-a8d-tSYU\" width=\"420\" height=\"315\" frameborder=\"0\" allowfullscreen=\"allowfullscreen\"><\/iframe><\/p>\n<p><img loading=\"lazy\" class=\"alignnone size-medium wp-image-10609\" src=\"https:\/\/www.lejournalduforkane.com\/wp-content\/uploads\/2016\/04\/lib\u00e9r\u00e9-de-la-prison-sioniste-298x300.jpg\" alt=\"lib\u00e9r\u00e9 de la prison sioniste\" width=\"298\" height=\"300\" srcset=\"https:\/\/www.lejournalduforkane.com\/wp-content\/uploads\/2016\/04\/lib\u00e9r\u00e9-de-la-prison-sioniste-298x300.jpg 298w, https:\/\/www.lejournalduforkane.com\/wp-content\/uploads\/2016\/04\/lib\u00e9r\u00e9-de-la-prison-sioniste-150x150.jpg 150w, https:\/\/www.lejournalduforkane.com\/wp-content\/uploads\/2016\/04\/lib\u00e9r\u00e9-de-la-prison-sioniste.jpg 417w\" sizes=\"(max-width: 298px) 100vw, 298px\" \/><\/p>\n<p>&nbsp;<\/p>\n","protected":false},"excerpt":{"rendered":"Dima al-Wawi, 12 ans, avait \u00e9t\u00e9 arr\u00eat\u00e9e par l'occupation sioniste le 2 f\u00e9vrier 2016 et avait \u00e9t\u00e9 condamn\u00e9e \u00e0 4 mois de prison. Originaire d'Halhoul, au nord d'al-Khalil\/H\u00e9bron. Les forces","protected":false},"author":2,"featured_media":0,"comment_status":"open","ping_status":"open","sticky":false,"template":"","format":"standard","meta":[],"categories":[],"tags":[],"_links":{"self":[{"href":"https:\/\/www.lejournalduforkane.com\/index.php\/wp-json\/wp\/v2\/posts\/10608"}],"collection":[{"href":"https:\/\/www.lejournalduforkane.com\/index.php\/wp-json\/wp\/v2\/posts"}],"about":[{"href":"https:\/\/www.lejournalduforkane.com\/index.php\/wp-json\/wp\/v2\/types\/post"}],"author":[{"embeddable":true,"href":"https:\/\/www.lejournalduforkane.com\/index.php\/wp-json\/wp\/v2\/users\/2"}],"replies":[{"embeddable":true,"href":"https:\/\/www.lejournalduforkane.com\/index.php\/wp-json\/wp\/v2\/comments?post=10608"}],"version-history":[{"count":1,"href":"https:\/\/www.lejournalduforkane.com\/index.php\/wp-json\/wp\/v2\/posts\/10608\/revisions"}],"predecessor-version":[{"id":10610,"href":"https:\/\/www.lejournalduforkane.com\/index.php\/wp-json\/wp\/v2\/posts\/10608\/revisions\/10610"}],"wp:attachment":[{"href":"https:\/\/www.lejournalduforkane.com\/index.php\/wp-json\/wp\/v2\/media?parent=10608"}],"wp:term":[{"taxonomy":"category","embeddable":true,"href":"https:\/\/www.lejournalduforkane.com\/index.php\/wp-json\/wp\/v2\/categories?post=10608"},{"taxonomy":"post_tag","embeddable":true,"href":"https:\/\/www.lejournalduforkane.com\/index.php\/wp-json\/wp\/v2\/tags?post=10608"}],"curies":[{"name":"wp","href":"https:\/\/api.w.org\/{rel}","templated":true}]}}