
{"id":10678,"date":"2017-04-27T15:33:47","date_gmt":"2017-04-27T15:33:47","guid":{"rendered":"https:\/\/www.lejournalduforkane.com\/?p=10678"},"modified":"2017-04-27T15:51:17","modified_gmt":"2017-04-27T15:51:17","slug":"les-crimes-d-lennemi-saoudien-sur-le-yemen","status":"publish","type":"post","link":"https:\/\/www.lejournalduforkane.com\/index.php\/les-crimes-d-lennemi-saoudien-sur-le-yemen\/","title":{"rendered":"Les crimes de l&rsquo;ennemi saoudien sur le Y\u00e9men"},"content":{"rendered":"<p><!--more--><\/p>\n<p style=\"text-align: justify;\">Voici une vid\u00e9o exclusive sur les crimes de l&rsquo;Arabie Saoudite sur le Y\u00e9men et plus pr\u00e9cis\u00e9ment sur Marib qui est la capitale du gouvernorat de Ma&rsquo;rib au Y\u00e9men. Elle fut la capitale du royaume de Saba.<\/p>\n<p style=\"text-align: justify;\">Ces saoudiens \u00e0 la solde des sionistes d\u00e9truisent des mosqu\u00e9es&#8230;<\/p>\n<p style=\"text-align: justify;\">CES SAOUDIENS NE SONT DONC PAS MUSULMANS. S\u2019 ILS L\u2019\u00c9TAIENT ILS NE D\u00c9TRUIRAIENT PAS LES MOSQU\u00c9ES.<\/p>\n<p style=\"text-align: justify;\">L\u2019HEURE EST PROCHE, DONC LE FORKANE EST PROCHE<\/p>\n<p><iframe loading=\"lazy\" src=\"https:\/\/www.youtube.com\/embed\/w6TP33SYuk0\" width=\"420\" height=\"315\" frameborder=\"0\" allowfullscreen=\"allowfullscreen\"><\/iframe><\/p>\n<p><img loading=\"lazy\" class=\"alignnone wp-image-10679 size-full\" src=\"https:\/\/www.lejournalduforkane.com\/wp-content\/uploads\/2016\/04\/arabie-yemen.png\" alt=\"arabie yemen\" width=\"607\" height=\"351\" srcset=\"https:\/\/www.lejournalduforkane.com\/wp-content\/uploads\/2016\/04\/arabie-yemen.png 607w, https:\/\/www.lejournalduforkane.com\/wp-content\/uploads\/2016\/04\/arabie-yemen-300x173.png 300w\" sizes=\"(max-width: 607px) 100vw, 607px\" \/><\/p>\n","protected":false},"excerpt":{"rendered":"Voici une vid\u00e9o exclusive sur les crimes de l'Arabie Saoudite sur le Y\u00e9men et plus pr\u00e9cis\u00e9ment sur Marib qui est la capitale du gouvernorat de Ma'rib au Y\u00e9men. Elle fut","protected":false},"author":2,"featured_media":0,"comment_status":"open","ping_status":"open","sticky":false,"template":"","format":"standard","meta":[],"categories":[49],"tags":[],"_links":{"self":[{"href":"https:\/\/www.lejournalduforkane.com\/index.php\/wp-json\/wp\/v2\/posts\/10678"}],"collection":[{"href":"https:\/\/www.lejournalduforkane.com\/index.php\/wp-json\/wp\/v2\/posts"}],"about":[{"href":"https:\/\/www.lejournalduforkane.com\/index.php\/wp-json\/wp\/v2\/types\/post"}],"author":[{"embeddable":true,"href":"https:\/\/www.lejournalduforkane.com\/index.php\/wp-json\/wp\/v2\/users\/2"}],"replies":[{"embeddable":true,"href":"https:\/\/www.lejournalduforkane.com\/index.php\/wp-json\/wp\/v2\/comments?post=10678"}],"version-history":[{"count":1,"href":"https:\/\/www.lejournalduforkane.com\/index.php\/wp-json\/wp\/v2\/posts\/10678\/revisions"}],"predecessor-version":[{"id":10680,"href":"https:\/\/www.lejournalduforkane.com\/index.php\/wp-json\/wp\/v2\/posts\/10678\/revisions\/10680"}],"wp:attachment":[{"href":"https:\/\/www.lejournalduforkane.com\/index.php\/wp-json\/wp\/v2\/media?parent=10678"}],"wp:term":[{"taxonomy":"category","embeddable":true,"href":"https:\/\/www.lejournalduforkane.com\/index.php\/wp-json\/wp\/v2\/categories?post=10678"},{"taxonomy":"post_tag","embeddable":true,"href":"https:\/\/www.lejournalduforkane.com\/index.php\/wp-json\/wp\/v2\/tags?post=10678"}],"curies":[{"name":"wp","href":"https:\/\/api.w.org\/{rel}","templated":true}]}}