
{"id":10739,"date":"2016-05-03T15:52:20","date_gmt":"2016-05-03T15:52:20","guid":{"rendered":"https:\/\/www.lejournalduforkane.com\/?p=10739"},"modified":"2016-05-03T15:52:20","modified_gmt":"2016-05-03T15:52:20","slug":"la-coalition-saoudienne-continue-ses-bombardements-sur-le-yemen","status":"publish","type":"post","link":"https:\/\/www.lejournalduforkane.com\/index.php\/la-coalition-saoudienne-continue-ses-bombardements-sur-le-yemen\/","title":{"rendered":"La coalition Saoudienne continue ses bombardements sur le Yemen"},"content":{"rendered":"<p><!--more--><\/p>\n<p style=\"text-align: justify;\">Ce n&rsquo;est ni la Somalie ni l&rsquo;Ethiopie ni aucun autre pays africain, c&rsquo;est le Y\u00e9men, un pays o\u00f9 les enfants souffrent de malnutrition. Ces pauvres enfants sont nourris avec des bombes au lieu de nourriture.<\/p>\n<p style=\"text-align: justify;\">CETTE COALITION ARABE MOTIV\u00c9E ET PR\u00caTE A EN D\u00c9COUDRE, ASSASSINE ET BOMBARDE UN PEUPLE SANS D\u00c9FENSE ET POURTANT B\u00c9NI PAR LE PROPH\u00c8TE (P), ALORS QU\u2019IL (P) A MAUDIT LES SAOUDIENS ET LEUR ID\u00c9OLOGIE SALAFISTE WAHHABITES VENUS DU NAJD.<\/p>\n<p style=\"text-align: justify;\">Ce qui nous \u00e9tonne dans l\u2019agression contre le peuple b\u00e9ni par le Proph\u00e8te (P), ce qui n\u2019est pas rien, en tout cas pour un Musulman, c\u2019est le silence complice : de l\u2019Occident et de la majorit\u00e9 des Musulmans.<\/p>\n<p><iframe loading=\"lazy\" src=\"https:\/\/www.youtube.com\/embed\/nSyDg-V5e3k\" width=\"560\" height=\"315\" frameborder=\"0\" allowfullscreen=\"allowfullscreen\"><\/iframe><\/p>\n<p><img loading=\"lazy\" class=\"alignnone wp-image-10740 size-full\" src=\"https:\/\/www.lejournalduforkane.com\/wp-content\/uploads\/2016\/05\/yemen-1.png\" alt=\"yemen 1\" width=\"1269\" height=\"713\" srcset=\"https:\/\/www.lejournalduforkane.com\/wp-content\/uploads\/2016\/05\/yemen-1.png 1269w, https:\/\/www.lejournalduforkane.com\/wp-content\/uploads\/2016\/05\/yemen-1-300x169.png 300w, https:\/\/www.lejournalduforkane.com\/wp-content\/uploads\/2016\/05\/yemen-1-768x432.png 768w, https:\/\/www.lejournalduforkane.com\/wp-content\/uploads\/2016\/05\/yemen-1-1024x575.png 1024w\" sizes=\"(max-width: 1269px) 100vw, 1269px\" \/><\/p>\n","protected":false},"excerpt":{"rendered":"Ce n'est ni la Somalie ni l'Ethiopie ni aucun autre pays africain, c'est le Y\u00e9men, un pays o\u00f9 les enfants souffrent de malnutrition. Ces pauvres enfants sont nourris avec des","protected":false},"author":2,"featured_media":0,"comment_status":"open","ping_status":"open","sticky":false,"template":"","format":"standard","meta":[],"categories":[],"tags":[],"_links":{"self":[{"href":"https:\/\/www.lejournalduforkane.com\/index.php\/wp-json\/wp\/v2\/posts\/10739"}],"collection":[{"href":"https:\/\/www.lejournalduforkane.com\/index.php\/wp-json\/wp\/v2\/posts"}],"about":[{"href":"https:\/\/www.lejournalduforkane.com\/index.php\/wp-json\/wp\/v2\/types\/post"}],"author":[{"embeddable":true,"href":"https:\/\/www.lejournalduforkane.com\/index.php\/wp-json\/wp\/v2\/users\/2"}],"replies":[{"embeddable":true,"href":"https:\/\/www.lejournalduforkane.com\/index.php\/wp-json\/wp\/v2\/comments?post=10739"}],"version-history":[{"count":1,"href":"https:\/\/www.lejournalduforkane.com\/index.php\/wp-json\/wp\/v2\/posts\/10739\/revisions"}],"predecessor-version":[{"id":10741,"href":"https:\/\/www.lejournalduforkane.com\/index.php\/wp-json\/wp\/v2\/posts\/10739\/revisions\/10741"}],"wp:attachment":[{"href":"https:\/\/www.lejournalduforkane.com\/index.php\/wp-json\/wp\/v2\/media?parent=10739"}],"wp:term":[{"taxonomy":"category","embeddable":true,"href":"https:\/\/www.lejournalduforkane.com\/index.php\/wp-json\/wp\/v2\/categories?post=10739"},{"taxonomy":"post_tag","embeddable":true,"href":"https:\/\/www.lejournalduforkane.com\/index.php\/wp-json\/wp\/v2\/tags?post=10739"}],"curies":[{"name":"wp","href":"https:\/\/api.w.org\/{rel}","templated":true}]}}