
{"id":10768,"date":"2016-05-06T14:50:53","date_gmt":"2016-05-06T14:50:53","guid":{"rendered":"https:\/\/www.lejournalduforkane.com\/?p=10768"},"modified":"2016-05-06T15:03:34","modified_gmt":"2016-05-06T15:03:34","slug":"un-orchestr-symphonique-russe-donne-un-concert-dans-la-cite-antique-de-palmyre","status":"publish","type":"post","link":"https:\/\/www.lejournalduforkane.com\/index.php\/un-orchestr-symphonique-russe-donne-un-concert-dans-la-cite-antique-de-palmyre\/","title":{"rendered":"Un orchestre symphonique russe donne un concert dans la cit\u00e9 antique de Palmyre"},"content":{"rendered":"<p><!--more--><\/p>\n<p>Le concert s&rsquo;est tenu dans le c\u00e9l\u00e8bre amphith\u00e9\u00e2tre de la \u00ab\u00a0perle du d\u00e9sert\u00a0\u00bb. Le pr\u00e9sident russe Vladimir Poutine y a particip\u00e9 via vid\u00e9oconf\u00e9rence.<\/p>\n<p>La ville de Palmyre a \u00e9t\u00e9 envahie par Daesh en mai 2015 puis lib\u00e9r\u00e9e par l&rsquo;arm\u00e9e syrienne en mars 2016.<\/p>\n<p>Palmyre est le symbole d\u2019un royaume arabe de la princesse Zeinobi qu\u2019ils veulent nous faire oublier ou d\u00e9tester.<br \/>\nHORS, COMME LA PRINCESSE ZEINOBI AVAIT DIT \u00c0 L\u2019EMPEREUR ROMAIN AUR\u00c9LIEN, QU\u2019IL LUI SOMMAIT DE SE SOUMETTRE, NOUS DIRONS A CES SIONISTES ET \u00c0 CES SALAFISTES : NE T\u2019ATTEND CERTAINEMENT PAS \u00c0 UNE CAPITULATION DE MA PART.<\/p>\n<p>Voir aussi vid\u00e9o : Lettre de la princesse Zeinobi \u00e0 Aur\u00e9lien l\u2019appelant \u00e0 capituler &#8212;<\/p>\n<p><a href=\"https:\/\/www.lejournalduforkane.com\/index.php\/video-exclusive-lettre-de-la-princesse-zeinobi-a-aurelien-lappelant-a-capituler\">https:\/\/www.lejournalduforkane.com\/index.php\/video-exclusive-lettre-de-la-princesse-zeinobi-a-aurelien-lappelant-a-capituler<\/a><\/p>\n<p><iframe loading=\"lazy\" src=\"https:\/\/www.youtube.com\/embed\/Bclzo_bpoj8\" width=\"420\" height=\"315\" frameborder=\"0\" allowfullscreen=\"allowfullscreen\"><\/iframe><\/p>\n<p><img loading=\"lazy\" class=\"alignnone wp-image-10769 size-full\" src=\"https:\/\/www.lejournalduforkane.com\/wp-content\/uploads\/2016\/05\/Capture.png\" alt=\"Capture\" width=\"638\" height=\"337\" srcset=\"https:\/\/www.lejournalduforkane.com\/wp-content\/uploads\/2016\/05\/Capture.png 638w, https:\/\/www.lejournalduforkane.com\/wp-content\/uploads\/2016\/05\/Capture-300x158.png 300w\" sizes=\"(max-width: 638px) 100vw, 638px\" \/><\/p>\n","protected":false},"excerpt":{"rendered":"Le concert s'est tenu dans le c\u00e9l\u00e8bre amphith\u00e9\u00e2tre de la \"perle du d\u00e9sert\". Le pr\u00e9sident russe Vladimir Poutine y a particip\u00e9 via vid\u00e9oconf\u00e9rence. La ville de Palmyre a \u00e9t\u00e9 envahie","protected":false},"author":2,"featured_media":0,"comment_status":"open","ping_status":"open","sticky":false,"template":"","format":"standard","meta":[],"categories":[],"tags":[],"_links":{"self":[{"href":"https:\/\/www.lejournalduforkane.com\/index.php\/wp-json\/wp\/v2\/posts\/10768"}],"collection":[{"href":"https:\/\/www.lejournalduforkane.com\/index.php\/wp-json\/wp\/v2\/posts"}],"about":[{"href":"https:\/\/www.lejournalduforkane.com\/index.php\/wp-json\/wp\/v2\/types\/post"}],"author":[{"embeddable":true,"href":"https:\/\/www.lejournalduforkane.com\/index.php\/wp-json\/wp\/v2\/users\/2"}],"replies":[{"embeddable":true,"href":"https:\/\/www.lejournalduforkane.com\/index.php\/wp-json\/wp\/v2\/comments?post=10768"}],"version-history":[{"count":1,"href":"https:\/\/www.lejournalduforkane.com\/index.php\/wp-json\/wp\/v2\/posts\/10768\/revisions"}],"predecessor-version":[{"id":10770,"href":"https:\/\/www.lejournalduforkane.com\/index.php\/wp-json\/wp\/v2\/posts\/10768\/revisions\/10770"}],"wp:attachment":[{"href":"https:\/\/www.lejournalduforkane.com\/index.php\/wp-json\/wp\/v2\/media?parent=10768"}],"wp:term":[{"taxonomy":"category","embeddable":true,"href":"https:\/\/www.lejournalduforkane.com\/index.php\/wp-json\/wp\/v2\/categories?post=10768"},{"taxonomy":"post_tag","embeddable":true,"href":"https:\/\/www.lejournalduforkane.com\/index.php\/wp-json\/wp\/v2\/tags?post=10768"}],"curies":[{"name":"wp","href":"https:\/\/api.w.org\/{rel}","templated":true}]}}