
{"id":10771,"date":"2016-05-06T14:56:06","date_gmt":"2016-05-06T14:56:06","guid":{"rendered":"https:\/\/www.lejournalduforkane.com\/?p=10771"},"modified":"2016-05-06T14:57:11","modified_gmt":"2016-05-06T14:57:11","slug":"pourquoi-le-monde-reste-silencieux-des-crimes-des-sionistes","status":"publish","type":"post","link":"https:\/\/www.lejournalduforkane.com\/index.php\/pourquoi-le-monde-reste-silencieux-des-crimes-des-sionistes\/","title":{"rendered":"Pourquoi le monde reste silencieux des crimes des sionistes"},"content":{"rendered":"<p><!--more--><\/p>\n<p style=\"text-align: justify;\">Les enfants palestiniens pleurent apr\u00e8s la mort de leur m\u00e8re ce matin par une frappe a\u00e9rienne des forces d&rsquo;occupation sionistes sur Gaza.<\/p>\n<p>LA 3EME INTIFADA CONTINUE\u2026<\/p>\n<p><iframe loading=\"lazy\" src=\"https:\/\/www.youtube.com\/embed\/55xS6IRjlzY\" width=\"560\" height=\"315\" frameborder=\"0\" allowfullscreen=\"allowfullscreen\"><\/iframe><\/p>\n<p><img loading=\"lazy\" class=\"alignnone wp-image-10772 size-full\" src=\"https:\/\/www.lejournalduforkane.com\/wp-content\/uploads\/2016\/05\/Capture-1.png\" alt=\"Capture 1\" width=\"807\" height=\"456\" srcset=\"https:\/\/www.lejournalduforkane.com\/wp-content\/uploads\/2016\/05\/Capture-1.png 807w, https:\/\/www.lejournalduforkane.com\/wp-content\/uploads\/2016\/05\/Capture-1-300x170.png 300w, https:\/\/www.lejournalduforkane.com\/wp-content\/uploads\/2016\/05\/Capture-1-768x434.png 768w\" sizes=\"(max-width: 807px) 100vw, 807px\" \/><\/p>\n","protected":false},"excerpt":{"rendered":"Les enfants palestiniens pleurent apr\u00e8s la mort de leur m\u00e8re ce matin par une frappe a\u00e9rienne des forces d'occupation sionistes sur Gaza. LA 3EME INTIFADA CONTINUE\u2026","protected":false},"author":2,"featured_media":0,"comment_status":"open","ping_status":"open","sticky":false,"template":"","format":"standard","meta":[],"categories":[],"tags":[],"_links":{"self":[{"href":"https:\/\/www.lejournalduforkane.com\/index.php\/wp-json\/wp\/v2\/posts\/10771"}],"collection":[{"href":"https:\/\/www.lejournalduforkane.com\/index.php\/wp-json\/wp\/v2\/posts"}],"about":[{"href":"https:\/\/www.lejournalduforkane.com\/index.php\/wp-json\/wp\/v2\/types\/post"}],"author":[{"embeddable":true,"href":"https:\/\/www.lejournalduforkane.com\/index.php\/wp-json\/wp\/v2\/users\/2"}],"replies":[{"embeddable":true,"href":"https:\/\/www.lejournalduforkane.com\/index.php\/wp-json\/wp\/v2\/comments?post=10771"}],"version-history":[{"count":3,"href":"https:\/\/www.lejournalduforkane.com\/index.php\/wp-json\/wp\/v2\/posts\/10771\/revisions"}],"predecessor-version":[{"id":10775,"href":"https:\/\/www.lejournalduforkane.com\/index.php\/wp-json\/wp\/v2\/posts\/10771\/revisions\/10775"}],"wp:attachment":[{"href":"https:\/\/www.lejournalduforkane.com\/index.php\/wp-json\/wp\/v2\/media?parent=10771"}],"wp:term":[{"taxonomy":"category","embeddable":true,"href":"https:\/\/www.lejournalduforkane.com\/index.php\/wp-json\/wp\/v2\/categories?post=10771"},{"taxonomy":"post_tag","embeddable":true,"href":"https:\/\/www.lejournalduforkane.com\/index.php\/wp-json\/wp\/v2\/tags?post=10771"}],"curies":[{"name":"wp","href":"https:\/\/api.w.org\/{rel}","templated":true}]}}