
{"id":10796,"date":"2016-05-08T13:21:17","date_gmt":"2016-05-08T13:21:17","guid":{"rendered":"https:\/\/www.lejournalduforkane.com\/?p=10796"},"modified":"2016-05-08T13:21:17","modified_gmt":"2016-05-08T13:21:17","slug":"video-lemir-turki-al-faycal-et-lancien-conseiller-de-la-securite-national-israelienne-sentretiennent-a-washington","status":"publish","type":"post","link":"https:\/\/www.lejournalduforkane.com\/index.php\/video-lemir-turki-al-faycal-et-lancien-conseiller-de-la-securite-national-israelienne-sentretiennent-a-washington\/","title":{"rendered":"[Vid\u00e9o] | L\u2019\u00e9mir Turki al-Fay\u00e7al et l\u2019ancien conseiller de la s\u00e9curit\u00e9 national isra\u00e9lienne s&rsquo;entretiennent \u00e0 Washington"},"content":{"rendered":"<p style=\"text-align: justify;\"><!--more-->Cette rencontre a \u00e9t\u00e9 organis\u00e9e par l&rsquo;organisation pro-sioniste \u00ab\u00a0l\u2019Institut de Washington pour la politique au Proche-Orient\u00a0\u00bb.<br \/>\nPrincipal sujet abord\u00e9 : l&rsquo;Iran, qui est l\u2019obsession des sionistes et des saouds. \u00ab L\u2019Iran est notre principale pr\u00e9occupation \u00bb, a r\u00e9p\u00e9t\u00e9 le responsable isra\u00e9lien !<\/p>\n<div class=\"text_exposed_show\">\n<p style=\"text-align: justify;\">AINSI CE SIONISTE EST VENU DONNER SES INSTRUCTIONS AUX GOUVERNEMENTS DES PAYS ARABES. ILS ONT TOUS QU\u2019UNE OBSESSION D\u00c9TRUIRE L\u2019AXE DE LA R\u00c9SISTANCE : IRAN-SYRIE-HEZBOLLAH-HAMAS.<\/p>\n<p style=\"text-align: justify;\">\n<\/div>\n<p><iframe loading=\"lazy\" src=\"https:\/\/www.youtube.com\/embed\/p9UL-yd0Khk\" width=\"420\" height=\"315\" frameborder=\"0\" allowfullscreen=\"allowfullscreen\"><\/iframe><\/p>\n<p><img loading=\"lazy\" class=\"alignnone size-medium wp-image-10797\" src=\"https:\/\/www.lejournalduforkane.com\/wp-content\/uploads\/2016\/05\/\u00e9mir-saoudien-avec-un-ancien-consill\u00e9-isra\u00e9lien-300x231.jpg\" alt=\"\u00e9mir saoudien avec un ancien consill\u00e9 isra\u00e9lien\" width=\"300\" height=\"231\" srcset=\"https:\/\/www.lejournalduforkane.com\/wp-content\/uploads\/2016\/05\/\u00e9mir-saoudien-avec-un-ancien-consill\u00e9-isra\u00e9lien-300x231.jpg 300w, https:\/\/www.lejournalduforkane.com\/wp-content\/uploads\/2016\/05\/\u00e9mir-saoudien-avec-un-ancien-consill\u00e9-isra\u00e9lien.jpg 420w\" sizes=\"(max-width: 300px) 100vw, 300px\" \/><\/p>\n","protected":false},"excerpt":{"rendered":"Cette rencontre a \u00e9t\u00e9 organis\u00e9e par l'organisation pro-sioniste \"l\u2019Institut de Washington pour la politique au Proche-Orient\". Principal sujet abord\u00e9 : l'Iran, qui est l\u2019obsession des sionistes et des saouds. \u00ab","protected":false},"author":2,"featured_media":0,"comment_status":"open","ping_status":"open","sticky":false,"template":"","format":"standard","meta":[],"categories":[],"tags":[],"_links":{"self":[{"href":"https:\/\/www.lejournalduforkane.com\/index.php\/wp-json\/wp\/v2\/posts\/10796"}],"collection":[{"href":"https:\/\/www.lejournalduforkane.com\/index.php\/wp-json\/wp\/v2\/posts"}],"about":[{"href":"https:\/\/www.lejournalduforkane.com\/index.php\/wp-json\/wp\/v2\/types\/post"}],"author":[{"embeddable":true,"href":"https:\/\/www.lejournalduforkane.com\/index.php\/wp-json\/wp\/v2\/users\/2"}],"replies":[{"embeddable":true,"href":"https:\/\/www.lejournalduforkane.com\/index.php\/wp-json\/wp\/v2\/comments?post=10796"}],"version-history":[{"count":1,"href":"https:\/\/www.lejournalduforkane.com\/index.php\/wp-json\/wp\/v2\/posts\/10796\/revisions"}],"predecessor-version":[{"id":10798,"href":"https:\/\/www.lejournalduforkane.com\/index.php\/wp-json\/wp\/v2\/posts\/10796\/revisions\/10798"}],"wp:attachment":[{"href":"https:\/\/www.lejournalduforkane.com\/index.php\/wp-json\/wp\/v2\/media?parent=10796"}],"wp:term":[{"taxonomy":"category","embeddable":true,"href":"https:\/\/www.lejournalduforkane.com\/index.php\/wp-json\/wp\/v2\/categories?post=10796"},{"taxonomy":"post_tag","embeddable":true,"href":"https:\/\/www.lejournalduforkane.com\/index.php\/wp-json\/wp\/v2\/tags?post=10796"}],"curies":[{"name":"wp","href":"https:\/\/api.w.org\/{rel}","templated":true}]}}