
{"id":10824,"date":"2016-05-11T16:29:54","date_gmt":"2016-05-11T16:29:54","guid":{"rendered":"https:\/\/www.lejournalduforkane.com\/?p=10824"},"modified":"2016-05-11T16:29:54","modified_gmt":"2016-05-11T16:29:54","slug":"les-universitaires-irlandais-boycottent-israel","status":"publish","type":"post","link":"https:\/\/www.lejournalduforkane.com\/index.php\/les-universitaires-irlandais-boycottent-israel\/","title":{"rendered":"Les universitaires irlandais boycottent isra\u00ebl"},"content":{"rendered":"<p><!--more--><\/p>\n<p style=\"text-align: justify;\">Une fois de plus, le peuple irlandais est \u00e0 l&rsquo;honneur. Plus de 120 universitaires irlandais ont boycott\u00e9 Isra\u00ebl et ont rejoint l&rsquo;union \u00e9tudiante irlandaise et cette campagne.<\/p>\n<p style=\"text-align: justify;\">NOUS SOMMES DE TOUT C\u0152UR AVEC LES PALESTINIENS QUI MALGR\u00c9 LEUR SOUFFRANCE CONTINUENT DE LUTTER.<\/p>\n<p><iframe loading=\"lazy\" src=\"https:\/\/www.youtube.com\/embed\/SV6zx4nnwf4\" width=\"560\" height=\"315\" frameborder=\"0\" allowfullscreen=\"allowfullscreen\"><\/iframe><\/p>\n<p><img loading=\"lazy\" class=\"alignnone wp-image-10825 size-full\" src=\"https:\/\/www.lejournalduforkane.com\/wp-content\/uploads\/2016\/05\/boycott-sioniste.png\" alt=\"boycott sioniste\" width=\"841\" height=\"422\" srcset=\"https:\/\/www.lejournalduforkane.com\/wp-content\/uploads\/2016\/05\/boycott-sioniste.png 841w, https:\/\/www.lejournalduforkane.com\/wp-content\/uploads\/2016\/05\/boycott-sioniste-300x151.png 300w, https:\/\/www.lejournalduforkane.com\/wp-content\/uploads\/2016\/05\/boycott-sioniste-768x385.png 768w\" sizes=\"(max-width: 841px) 100vw, 841px\" \/><\/p>\n","protected":false},"excerpt":{"rendered":"Une fois de plus, le peuple irlandais est \u00e0 l'honneur. Plus de 120 universitaires irlandais ont boycott\u00e9 Isra\u00ebl et ont rejoint l'union \u00e9tudiante irlandaise et cette campagne. NOUS SOMMES DE","protected":false},"author":2,"featured_media":0,"comment_status":"open","ping_status":"open","sticky":false,"template":"","format":"standard","meta":[],"categories":[],"tags":[],"_links":{"self":[{"href":"https:\/\/www.lejournalduforkane.com\/index.php\/wp-json\/wp\/v2\/posts\/10824"}],"collection":[{"href":"https:\/\/www.lejournalduforkane.com\/index.php\/wp-json\/wp\/v2\/posts"}],"about":[{"href":"https:\/\/www.lejournalduforkane.com\/index.php\/wp-json\/wp\/v2\/types\/post"}],"author":[{"embeddable":true,"href":"https:\/\/www.lejournalduforkane.com\/index.php\/wp-json\/wp\/v2\/users\/2"}],"replies":[{"embeddable":true,"href":"https:\/\/www.lejournalduforkane.com\/index.php\/wp-json\/wp\/v2\/comments?post=10824"}],"version-history":[{"count":1,"href":"https:\/\/www.lejournalduforkane.com\/index.php\/wp-json\/wp\/v2\/posts\/10824\/revisions"}],"predecessor-version":[{"id":10826,"href":"https:\/\/www.lejournalduforkane.com\/index.php\/wp-json\/wp\/v2\/posts\/10824\/revisions\/10826"}],"wp:attachment":[{"href":"https:\/\/www.lejournalduforkane.com\/index.php\/wp-json\/wp\/v2\/media?parent=10824"}],"wp:term":[{"taxonomy":"category","embeddable":true,"href":"https:\/\/www.lejournalduforkane.com\/index.php\/wp-json\/wp\/v2\/categories?post=10824"},{"taxonomy":"post_tag","embeddable":true,"href":"https:\/\/www.lejournalduforkane.com\/index.php\/wp-json\/wp\/v2\/tags?post=10824"}],"curies":[{"name":"wp","href":"https:\/\/api.w.org\/{rel}","templated":true}]}}