
{"id":10858,"date":"2017-04-28T15:08:52","date_gmt":"2017-04-28T15:08:52","guid":{"rendered":"https:\/\/www.lejournalduforkane.com\/?p=10858"},"modified":"2017-04-28T16:10:52","modified_gmt":"2017-04-28T16:10:52","slug":"terroristes-wahhabites-salafistes-detruisent-une-mosquee-en-syrie-aux-cris-dallah-akbar","status":"publish","type":"post","link":"https:\/\/www.lejournalduforkane.com\/index.php\/terroristes-wahhabites-salafistes-detruisent-une-mosquee-en-syrie-aux-cris-dallah-akbar\/","title":{"rendered":"VID\u00c9O : Les terroristes wahhabites salafistes d\u00e9truisent une mosqu\u00e9e en Syrie aux cris d&rsquo;Allah Akbar !"},"content":{"rendered":"<p style=\"text-align: justify;\"><!--more--><\/p>\n<p style=\"text-align: justify;\">VID\u00c9O : Les terroristes wahhabites salafistes d\u00e9truisent une<img loading=\"lazy\" class=\"alignnone size-medium wp-image-10859 alignright\" src=\"https:\/\/www.lejournalduforkane.com\/wp-content\/uploads\/2016\/05\/daesh-d\u00e9truit-une-mosqu\u00e9e-300x170.jpg\" alt=\"daesh d\u00e9truit une mosqu\u00e9e\" width=\"300\" height=\"170\" srcset=\"https:\/\/www.lejournalduforkane.com\/wp-content\/uploads\/2016\/05\/daesh-d\u00e9truit-une-mosqu\u00e9e-300x170.jpg 300w, https:\/\/www.lejournalduforkane.com\/wp-content\/uploads\/2016\/05\/daesh-d\u00e9truit-une-mosqu\u00e9e.jpg 419w\" sizes=\"(max-width: 300px) 100vw, 300px\" \/> mosqu\u00e9e en Syrie aux cris d&rsquo;Allah Akbar ! (\u00c2MES SENSIBLES S\u2019ABSTENIR)<\/p>\n<p style=\"text-align: justify;\">C\u2019est une habitude chez les salafistes wahhabites de Daesh de d\u00e9truire tous les mausol\u00e9es, lieux saints, mosqu\u00e9es et tombeaux des Musulmans et des Chr\u00e9tiens des villes et r\u00e9gions qu\u2019ils dominent.<\/p>\n<p style=\"text-align: justify;\">CES TERRORISTES SALAFISTES WAHHABITES NE SONT DONC PAS MUSULMANS. S\u2019 ILS L\u2019\u00c9TAIENT ILS NE D\u00c9TRUIRAIENT PAS LES VESTIGES DE L\u2019ISLAM. ILS NE SERVENT QUE LE<span class=\"text_exposed_show\">S INT\u00c9R\u00caTS DE LEURS MA\u00ceTRES SIONISTES QUI CHERCHENT A OCCUPER ET A ESCLAVAGISER LES MUSULMANS.<\/span><\/p>\n<div class=\"text_exposed_show\" style=\"text-align: justify;\">\n<p style=\"text-align: justify;\">L\u2019HEURE EST PROCHE, DONC LE FORKANE EST PROCHE<\/p>\n<\/div>\n<p style=\"text-align: justify;\"><iframe loading=\"lazy\" src=\"https:\/\/www.youtube.com\/embed\/Fd5afjdunSE\" width=\"560\" height=\"315\" frameborder=\"0\" allowfullscreen=\"allowfullscreen\"><\/iframe><\/p>\n","protected":false},"excerpt":{"rendered":"VID\u00c9O : Les terroristes wahhabites salafistes d\u00e9truisent une mosqu\u00e9e en Syrie aux cris d'Allah Akbar ! (\u00c2MES SENSIBLES S\u2019ABSTENIR) C\u2019est une habitude chez les salafistes wahhabites de Daesh de d\u00e9truire","protected":false},"author":2,"featured_media":0,"comment_status":"open","ping_status":"open","sticky":false,"template":"","format":"standard","meta":[],"categories":[49],"tags":[],"_links":{"self":[{"href":"https:\/\/www.lejournalduforkane.com\/index.php\/wp-json\/wp\/v2\/posts\/10858"}],"collection":[{"href":"https:\/\/www.lejournalduforkane.com\/index.php\/wp-json\/wp\/v2\/posts"}],"about":[{"href":"https:\/\/www.lejournalduforkane.com\/index.php\/wp-json\/wp\/v2\/types\/post"}],"author":[{"embeddable":true,"href":"https:\/\/www.lejournalduforkane.com\/index.php\/wp-json\/wp\/v2\/users\/2"}],"replies":[{"embeddable":true,"href":"https:\/\/www.lejournalduforkane.com\/index.php\/wp-json\/wp\/v2\/comments?post=10858"}],"version-history":[{"count":1,"href":"https:\/\/www.lejournalduforkane.com\/index.php\/wp-json\/wp\/v2\/posts\/10858\/revisions"}],"predecessor-version":[{"id":10860,"href":"https:\/\/www.lejournalduforkane.com\/index.php\/wp-json\/wp\/v2\/posts\/10858\/revisions\/10860"}],"wp:attachment":[{"href":"https:\/\/www.lejournalduforkane.com\/index.php\/wp-json\/wp\/v2\/media?parent=10858"}],"wp:term":[{"taxonomy":"category","embeddable":true,"href":"https:\/\/www.lejournalduforkane.com\/index.php\/wp-json\/wp\/v2\/categories?post=10858"},{"taxonomy":"post_tag","embeddable":true,"href":"https:\/\/www.lejournalduforkane.com\/index.php\/wp-json\/wp\/v2\/tags?post=10858"}],"curies":[{"name":"wp","href":"https:\/\/api.w.org\/{rel}","templated":true}]}}