
{"id":10864,"date":"2016-05-13T16:17:49","date_gmt":"2016-05-13T16:17:49","guid":{"rendered":"https:\/\/www.lejournalduforkane.com\/?p=10864"},"modified":"2016-05-13T16:17:49","modified_gmt":"2016-05-13T16:17:49","slug":"video-un-camion-provenant-de-la-turquie-et-transportant-25-tonnes-de-medicaments-et-de-fournitures-hospitalieres-destines-a-daesh","status":"publish","type":"post","link":"https:\/\/www.lejournalduforkane.com\/index.php\/video-un-camion-provenant-de-la-turquie-et-transportant-25-tonnes-de-medicaments-et-de-fournitures-hospitalieres-destines-a-daesh\/","title":{"rendered":"[VIDEO] un camion provenant de la Turquie et transportant 25 tonnes de m\u00e9dicaments et de fournitures hospitali\u00e8res destin\u00e9s \u00e0 Daesh"},"content":{"rendered":"<p style=\"text-align: justify;\"><!--more-->[Vid\u00e9o] | Les services de renseignement militaire syrien inspectent un camion provenant de la Turquie et transportant 25 tonnes de m\u00e9dicaments et de fournitures hospitali\u00e8res destin\u00e9s \u00e0 Daesh<\/p>\n<p>La Turquie continue ses men\u00e9es terroristes en Syrie, qui ne sont plus un secret. Elle est le point de passage le plus important des armes et des fonds destin\u00e9s aux groupes terroristes arm\u00e9s.<\/p>\n<p>Lire article : La Turquie continue \u00e0 creuser sa tombe ==&gt; <a href=\"https:\/\/www.lejournalduforkane.com\/index.php\/lennemi-terroriste-recule-en-syrie-devant-la-perseverance-et-la-loyaute-de-larmee-et-du-peuple\">www.lejournalduforkane.com\/index.php\/lennemi-terroriste-recule-en-syrie-devant-la-perseverance-et-la-loyaute-de-larmee-et-du-peuple<\/a><\/p>\n<p><iframe loading=\"lazy\" src=\"https:\/\/www.youtube.com\/embed\/uRbnVuJ84XY\" width=\"560\" height=\"315\" frameborder=\"0\" allowfullscreen=\"allowfullscreen\"><\/iframe><\/p>\n<p style=\"text-align: justify;\"><img loading=\"lazy\" class=\"alignnone size-medium wp-image-10865\" src=\"https:\/\/www.lejournalduforkane.com\/wp-content\/uploads\/2016\/05\/turquie-envois-un-camion-de-m\u00e9dicament-a-daesh-300x171.jpg\" alt=\"turquie envois un camion de m\u00e9dicament a daesh\" width=\"300\" height=\"171\" srcset=\"https:\/\/www.lejournalduforkane.com\/wp-content\/uploads\/2016\/05\/turquie-envois-un-camion-de-m\u00e9dicament-a-daesh-300x171.jpg 300w, https:\/\/www.lejournalduforkane.com\/wp-content\/uploads\/2016\/05\/turquie-envois-un-camion-de-m\u00e9dicament-a-daesh.jpg 418w\" sizes=\"(max-width: 300px) 100vw, 300px\" \/><\/p>\n","protected":false},"excerpt":{"rendered":"[Vid\u00e9o] | Les services de renseignement militaire syrien inspectent un camion provenant de la Turquie et transportant 25 tonnes de m\u00e9dicaments et de fournitures hospitali\u00e8res destin\u00e9s \u00e0 Daesh La Turquie","protected":false},"author":2,"featured_media":0,"comment_status":"open","ping_status":"open","sticky":false,"template":"","format":"standard","meta":[],"categories":[],"tags":[],"_links":{"self":[{"href":"https:\/\/www.lejournalduforkane.com\/index.php\/wp-json\/wp\/v2\/posts\/10864"}],"collection":[{"href":"https:\/\/www.lejournalduforkane.com\/index.php\/wp-json\/wp\/v2\/posts"}],"about":[{"href":"https:\/\/www.lejournalduforkane.com\/index.php\/wp-json\/wp\/v2\/types\/post"}],"author":[{"embeddable":true,"href":"https:\/\/www.lejournalduforkane.com\/index.php\/wp-json\/wp\/v2\/users\/2"}],"replies":[{"embeddable":true,"href":"https:\/\/www.lejournalduforkane.com\/index.php\/wp-json\/wp\/v2\/comments?post=10864"}],"version-history":[{"count":1,"href":"https:\/\/www.lejournalduforkane.com\/index.php\/wp-json\/wp\/v2\/posts\/10864\/revisions"}],"predecessor-version":[{"id":10866,"href":"https:\/\/www.lejournalduforkane.com\/index.php\/wp-json\/wp\/v2\/posts\/10864\/revisions\/10866"}],"wp:attachment":[{"href":"https:\/\/www.lejournalduforkane.com\/index.php\/wp-json\/wp\/v2\/media?parent=10864"}],"wp:term":[{"taxonomy":"category","embeddable":true,"href":"https:\/\/www.lejournalduforkane.com\/index.php\/wp-json\/wp\/v2\/categories?post=10864"},{"taxonomy":"post_tag","embeddable":true,"href":"https:\/\/www.lejournalduforkane.com\/index.php\/wp-json\/wp\/v2\/tags?post=10864"}],"curies":[{"name":"wp","href":"https:\/\/api.w.org\/{rel}","templated":true}]}}