
{"id":10874,"date":"2016-09-15T17:54:08","date_gmt":"2016-09-15T17:54:08","guid":{"rendered":"https:\/\/www.lejournalduforkane.com\/?p=10874"},"modified":"2016-09-15T18:55:02","modified_gmt":"2016-09-15T18:55:02","slug":"le-general-americain-retraite-nos-amis-allies-ont-cree-daesh-pour-combattre-le-hezbollah","status":"publish","type":"post","link":"https:\/\/www.lejournalduforkane.com\/index.php\/le-general-americain-retraite-nos-amis-allies-ont-cree-daesh-pour-combattre-le-hezbollah\/","title":{"rendered":"[Vid\u00e9o] | le g\u00e9n\u00e9ral am\u00e9ricain (retrait\u00e9): \u00a0\u00bb Nos amis &#038; alli\u00e9s ont cr\u00e9\u00e9 Daesh pour combattre le Hezbollah\u00a0\u00bb"},"content":{"rendered":"<p><!--more--><\/p>\n<p>[Vid\u00e9o] | le g\u00e9n\u00e9ral am\u00e9ricain (retraite) Wesley K. Clark : \u00a0\u00bb Nos amis &amp; alli\u00e9s ont cr\u00e9\u00e9 Daesh pour combattre le Hezbollah\u00a0\u00bb.<\/p>\n<p>Tout est dit !<\/p>\n<p><iframe loading=\"lazy\" src=\"https:\/\/www.youtube.com\/embed\/ml-piXRdnow\" width=\"560\" height=\"315\" frameborder=\"0\" allowfullscreen=\"allowfullscreen\"><\/iframe><\/p>\n<p>&nbsp;<\/p>\n","protected":false},"excerpt":{"rendered":"[Vid\u00e9o] | le g\u00e9n\u00e9ral am\u00e9ricain (retraite) Wesley K. Clark : \" Nos amis &amp; alli\u00e9s ont cr\u00e9\u00e9 Daesh pour combattre le Hezbollah\". Tout est dit ! &nbsp;","protected":false},"author":2,"featured_media":0,"comment_status":"open","ping_status":"open","sticky":false,"template":"","format":"standard","meta":[],"categories":[],"tags":[],"_links":{"self":[{"href":"https:\/\/www.lejournalduforkane.com\/index.php\/wp-json\/wp\/v2\/posts\/10874"}],"collection":[{"href":"https:\/\/www.lejournalduforkane.com\/index.php\/wp-json\/wp\/v2\/posts"}],"about":[{"href":"https:\/\/www.lejournalduforkane.com\/index.php\/wp-json\/wp\/v2\/types\/post"}],"author":[{"embeddable":true,"href":"https:\/\/www.lejournalduforkane.com\/index.php\/wp-json\/wp\/v2\/users\/2"}],"replies":[{"embeddable":true,"href":"https:\/\/www.lejournalduforkane.com\/index.php\/wp-json\/wp\/v2\/comments?post=10874"}],"version-history":[{"count":2,"href":"https:\/\/www.lejournalduforkane.com\/index.php\/wp-json\/wp\/v2\/posts\/10874\/revisions"}],"predecessor-version":[{"id":13074,"href":"https:\/\/www.lejournalduforkane.com\/index.php\/wp-json\/wp\/v2\/posts\/10874\/revisions\/13074"}],"wp:attachment":[{"href":"https:\/\/www.lejournalduforkane.com\/index.php\/wp-json\/wp\/v2\/media?parent=10874"}],"wp:term":[{"taxonomy":"category","embeddable":true,"href":"https:\/\/www.lejournalduforkane.com\/index.php\/wp-json\/wp\/v2\/categories?post=10874"},{"taxonomy":"post_tag","embeddable":true,"href":"https:\/\/www.lejournalduforkane.com\/index.php\/wp-json\/wp\/v2\/tags?post=10874"}],"curies":[{"name":"wp","href":"https:\/\/api.w.org\/{rel}","templated":true}]}}