
{"id":10952,"date":"2016-05-17T18:58:33","date_gmt":"2016-05-17T18:58:33","guid":{"rendered":"https:\/\/www.lejournalduforkane.com\/?p=10952"},"modified":"2016-05-17T18:58:33","modified_gmt":"2016-05-17T18:58:33","slug":"video-regarder-comment-daesh-se-fait-detruire-par-larmee-irakienne-a-al-anbar","status":"publish","type":"post","link":"https:\/\/www.lejournalduforkane.com\/index.php\/video-regarder-comment-daesh-se-fait-detruire-par-larmee-irakienne-a-al-anbar\/","title":{"rendered":"[Vid\u00e9o] | Regarder comment Daesh se fait d\u00e9truire par l&rsquo;Arm\u00e9e irakienne \u00e0 Al-Anbar"},"content":{"rendered":"<p><!--more--><br \/>\n<iframe loading=\"lazy\" src=\"https:\/\/www.youtube.com\/embed\/CAoXZ4PKX30\" width=\"420\" height=\"315\" frameborder=\"0\" allowfullscreen=\"allowfullscreen\"><\/iframe><br \/>\n<img loading=\"lazy\" class=\"alignnone size-medium wp-image-10953\" src=\"https:\/\/www.lejournalduforkane.com\/wp-content\/uploads\/2016\/05\/anbar-ou-les-takfiris-se-font-battre-300x232.jpg\" alt=\"anbar ou les takfiris se font battre\" width=\"300\" height=\"232\" srcset=\"https:\/\/www.lejournalduforkane.com\/wp-content\/uploads\/2016\/05\/anbar-ou-les-takfiris-se-font-battre-300x232.jpg 300w, https:\/\/www.lejournalduforkane.com\/wp-content\/uploads\/2016\/05\/anbar-ou-les-takfiris-se-font-battre.jpg 470w\" sizes=\"(max-width: 300px) 100vw, 300px\" \/><\/p>\n","protected":false},"excerpt":{"rendered":"","protected":false},"author":2,"featured_media":0,"comment_status":"open","ping_status":"open","sticky":false,"template":"","format":"standard","meta":[],"categories":[],"tags":[],"_links":{"self":[{"href":"https:\/\/www.lejournalduforkane.com\/index.php\/wp-json\/wp\/v2\/posts\/10952"}],"collection":[{"href":"https:\/\/www.lejournalduforkane.com\/index.php\/wp-json\/wp\/v2\/posts"}],"about":[{"href":"https:\/\/www.lejournalduforkane.com\/index.php\/wp-json\/wp\/v2\/types\/post"}],"author":[{"embeddable":true,"href":"https:\/\/www.lejournalduforkane.com\/index.php\/wp-json\/wp\/v2\/users\/2"}],"replies":[{"embeddable":true,"href":"https:\/\/www.lejournalduforkane.com\/index.php\/wp-json\/wp\/v2\/comments?post=10952"}],"version-history":[{"count":1,"href":"https:\/\/www.lejournalduforkane.com\/index.php\/wp-json\/wp\/v2\/posts\/10952\/revisions"}],"predecessor-version":[{"id":10954,"href":"https:\/\/www.lejournalduforkane.com\/index.php\/wp-json\/wp\/v2\/posts\/10952\/revisions\/10954"}],"wp:attachment":[{"href":"https:\/\/www.lejournalduforkane.com\/index.php\/wp-json\/wp\/v2\/media?parent=10952"}],"wp:term":[{"taxonomy":"category","embeddable":true,"href":"https:\/\/www.lejournalduforkane.com\/index.php\/wp-json\/wp\/v2\/categories?post=10952"},{"taxonomy":"post_tag","embeddable":true,"href":"https:\/\/www.lejournalduforkane.com\/index.php\/wp-json\/wp\/v2\/tags?post=10952"}],"curies":[{"name":"wp","href":"https:\/\/api.w.org\/{rel}","templated":true}]}}