
{"id":10984,"date":"2016-05-20T18:52:18","date_gmt":"2016-05-20T18:52:18","guid":{"rendered":"https:\/\/www.lejournalduforkane.com\/?p=10984"},"modified":"2016-05-20T18:52:18","modified_gmt":"2016-05-20T18:52:18","slug":"video-arrivee-de-nouveau-renfort-au-sein-de-la-mobilisation-populaire-pour-donner-lassaut-a-falloujah-irak","status":"publish","type":"post","link":"https:\/\/www.lejournalduforkane.com\/index.php\/video-arrivee-de-nouveau-renfort-au-sein-de-la-mobilisation-populaire-pour-donner-lassaut-a-falloujah-irak\/","title":{"rendered":"[Vid\u00e9o] | Arriv\u00e9e de nouveau renfort au sein de la Mobilisation Populaire pour donner l&rsquo;assaut \u00e0 Falloujah (Irak)"},"content":{"rendered":"<p><!--more-->Qu&rsquo;Allah donne la victoire \u00e0 l&rsquo;Arm\u00e9e irakienne et \u00e0 la Mobilisation Populaire contre ces maudits terroristes salafistes de Daesh<br \/>\n<iframe loading=\"lazy\" src=\"https:\/\/www.youtube.com\/embed\/gKWsSoGNp_g\" width=\"560\" height=\"315\" frameborder=\"0\" allowfullscreen=\"allowfullscreen\"><\/iframe><\/p>\n<p><img loading=\"lazy\" class=\"alignnone size-medium wp-image-10985\" src=\"https:\/\/www.lejournalduforkane.com\/wp-content\/uploads\/2016\/05\/renfort-a-falloudja-300x170.jpg\" alt=\"renfort a falloudja\" width=\"300\" height=\"170\" srcset=\"https:\/\/www.lejournalduforkane.com\/wp-content\/uploads\/2016\/05\/renfort-a-falloudja-300x170.jpg 300w, https:\/\/www.lejournalduforkane.com\/wp-content\/uploads\/2016\/05\/renfort-a-falloudja.jpg 466w\" sizes=\"(max-width: 300px) 100vw, 300px\" \/><\/p>\n","protected":false},"excerpt":{"rendered":"Qu'Allah donne la victoire \u00e0 l'Arm\u00e9e irakienne et \u00e0 la Mobilisation Populaire contre ces maudits terroristes salafistes de Daesh","protected":false},"author":2,"featured_media":0,"comment_status":"open","ping_status":"open","sticky":false,"template":"","format":"standard","meta":[],"categories":[],"tags":[],"_links":{"self":[{"href":"https:\/\/www.lejournalduforkane.com\/index.php\/wp-json\/wp\/v2\/posts\/10984"}],"collection":[{"href":"https:\/\/www.lejournalduforkane.com\/index.php\/wp-json\/wp\/v2\/posts"}],"about":[{"href":"https:\/\/www.lejournalduforkane.com\/index.php\/wp-json\/wp\/v2\/types\/post"}],"author":[{"embeddable":true,"href":"https:\/\/www.lejournalduforkane.com\/index.php\/wp-json\/wp\/v2\/users\/2"}],"replies":[{"embeddable":true,"href":"https:\/\/www.lejournalduforkane.com\/index.php\/wp-json\/wp\/v2\/comments?post=10984"}],"version-history":[{"count":1,"href":"https:\/\/www.lejournalduforkane.com\/index.php\/wp-json\/wp\/v2\/posts\/10984\/revisions"}],"predecessor-version":[{"id":10986,"href":"https:\/\/www.lejournalduforkane.com\/index.php\/wp-json\/wp\/v2\/posts\/10984\/revisions\/10986"}],"wp:attachment":[{"href":"https:\/\/www.lejournalduforkane.com\/index.php\/wp-json\/wp\/v2\/media?parent=10984"}],"wp:term":[{"taxonomy":"category","embeddable":true,"href":"https:\/\/www.lejournalduforkane.com\/index.php\/wp-json\/wp\/v2\/categories?post=10984"},{"taxonomy":"post_tag","embeddable":true,"href":"https:\/\/www.lejournalduforkane.com\/index.php\/wp-json\/wp\/v2\/tags?post=10984"}],"curies":[{"name":"wp","href":"https:\/\/api.w.org\/{rel}","templated":true}]}}