
{"id":10993,"date":"2016-05-22T18:54:24","date_gmt":"2016-05-22T18:54:24","guid":{"rendered":"https:\/\/www.lejournalduforkane.com\/?p=10993"},"modified":"2016-05-22T18:54:24","modified_gmt":"2016-05-22T18:54:24","slug":"video-hassan-nasrallah-les-bedouins-arab-sont-plus-durs-en-mecreance-et-en-hypocrisie","status":"publish","type":"post","link":"https:\/\/www.lejournalduforkane.com\/index.php\/video-hassan-nasrallah-les-bedouins-arab-sont-plus-durs-en-mecreance-et-en-hypocrisie\/","title":{"rendered":"[Vid\u00e9o] | Hassan Nasrallah : Les b\u00e9douins [a`rab] sont plus durs en m\u00e9cr\u00e9ance et en hypocrisie"},"content":{"rendered":"<p style=\"text-align: justify;\"><!--more--><\/p>\n<p style=\"text-align: justify;\"><img loading=\"lazy\" class=\" wp-image-10994 alignright\" src=\"https:\/\/www.lejournalduforkane.com\/wp-content\/uploads\/2016\/05\/nasrallah-sur-les-arabes-300x225.jpg\" alt=\"nasrallah sur les arabes\" width=\"231\" height=\"173\" srcset=\"https:\/\/www.lejournalduforkane.com\/wp-content\/uploads\/2016\/05\/nasrallah-sur-les-arabes-300x225.jpg 300w, https:\/\/www.lejournalduforkane.com\/wp-content\/uploads\/2016\/05\/nasrallah-sur-les-arabes.jpg 468w\" sizes=\"(max-width: 231px) 100vw, 231px\" \/><\/p>\n<p style=\"text-align: justify;\">Ce sont les propos de Seyyed Hassan Nasrallah aujourd&rsquo;hui lors d&rsquo;une allocution en l&rsquo;honneur du martyr, le commandant Mostafa Badreddine. Ces propos font r\u00e9f\u00e9rence au verset 97 de la sourate 9 (At-Tawba).<\/p>\n<p style=\"text-align: justify;\">D\u2019Arabie sont alors sorties les t\u00e9n\u00e8bres d\u2019une interpr\u00e9tation tribale et barbare<\/p>\n<p style=\"text-align: justify;\">qui contamine toute la religion.<span class=\"text_exposed_show\"><br \/>\nComme l\u2019avait pr\u00e9dit le Proph\u00e8te (P) : en se tournant vers le Nedj, la r\u00e9gion orientale de l\u2019Arabie dont la capitale est Riyad, il dit : \u00ab C\u2019est \u00e0 l\u2019est du pays que sortira la corne du diable \u00bb et aussi : \u00ab La t\u00eate de la m\u00e9cr\u00e9ance vient de l\u00e0 o\u00f9 sortira la corne du diable \u00bb (Sahih Boukhari et Muslim). Le Proph\u00e8te (P) parlait ainsi de la dynastie et la secte saoudienne des wahhabites qui contaminent l\u2019Islam par de multiples masques et ensanglantent les pays musulmans.<\/span><\/p>\n<p><iframe loading=\"lazy\" src=\"https:\/\/www.youtube.com\/embed\/tleoxmge1x4\" width=\"420\" height=\"315\" frameborder=\"0\" allowfullscreen=\"allowfullscreen\"><\/iframe><\/p>\n","protected":false},"excerpt":{"rendered":"Ce sont les propos de Seyyed Hassan Nasrallah aujourd'hui lors d'une allocution en l'honneur du martyr, le commandant Mostafa Badreddine. Ces propos font r\u00e9f\u00e9rence au verset 97 de la sourate","protected":false},"author":2,"featured_media":0,"comment_status":"open","ping_status":"open","sticky":false,"template":"","format":"standard","meta":[],"categories":[],"tags":[],"_links":{"self":[{"href":"https:\/\/www.lejournalduforkane.com\/index.php\/wp-json\/wp\/v2\/posts\/10993"}],"collection":[{"href":"https:\/\/www.lejournalduforkane.com\/index.php\/wp-json\/wp\/v2\/posts"}],"about":[{"href":"https:\/\/www.lejournalduforkane.com\/index.php\/wp-json\/wp\/v2\/types\/post"}],"author":[{"embeddable":true,"href":"https:\/\/www.lejournalduforkane.com\/index.php\/wp-json\/wp\/v2\/users\/2"}],"replies":[{"embeddable":true,"href":"https:\/\/www.lejournalduforkane.com\/index.php\/wp-json\/wp\/v2\/comments?post=10993"}],"version-history":[{"count":1,"href":"https:\/\/www.lejournalduforkane.com\/index.php\/wp-json\/wp\/v2\/posts\/10993\/revisions"}],"predecessor-version":[{"id":10995,"href":"https:\/\/www.lejournalduforkane.com\/index.php\/wp-json\/wp\/v2\/posts\/10993\/revisions\/10995"}],"wp:attachment":[{"href":"https:\/\/www.lejournalduforkane.com\/index.php\/wp-json\/wp\/v2\/media?parent=10993"}],"wp:term":[{"taxonomy":"category","embeddable":true,"href":"https:\/\/www.lejournalduforkane.com\/index.php\/wp-json\/wp\/v2\/categories?post=10993"},{"taxonomy":"post_tag","embeddable":true,"href":"https:\/\/www.lejournalduforkane.com\/index.php\/wp-json\/wp\/v2\/tags?post=10993"}],"curies":[{"name":"wp","href":"https:\/\/api.w.org\/{rel}","templated":true}]}}