
{"id":11136,"date":"2017-05-12T10:22:49","date_gmt":"2017-05-12T10:22:49","guid":{"rendered":"https:\/\/www.lejournalduforkane.com\/?p=11136"},"modified":"2017-05-12T18:56:52","modified_gmt":"2017-05-12T18:56:52","slug":"video-al-jazeera-estime-que-la-priere-sur-le-prophete-p-et-sa-famille-constitue-un-slogan-sectaire","status":"publish","type":"post","link":"https:\/\/www.lejournalduforkane.com\/index.php\/video-al-jazeera-estime-que-la-priere-sur-le-prophete-p-et-sa-famille-constitue-un-slogan-sectaire\/","title":{"rendered":"[Vid\u00e9o] | Al Jazeera estime que la pri\u00e8re sur le Proph\u00e8te (P) et sa Famille constitue un slogan sectaire"},"content":{"rendered":"<p style=\"text-align: justify;\"><!--more-->C&rsquo;est ce qu&rsquo;estime la chaine du grand satan qui s&rsquo;oppose \u00e0 la lib\u00e9ration de Fallujah et qui soutient les terroristes salafistes de Daesh.<\/p>\n<p style=\"text-align: justify;\">IL EST CLAIR QUE L\u2019OBJECTIF DE CETTE CHAINE ET DE DIVISER LES MUSULMANS&#8230;<\/p>\n<p><iframe loading=\"lazy\" src=\"https:\/\/www.youtube.com\/embed\/F70GVK1__AQ\" width=\"420\" height=\"315\" frameborder=\"0\" allowfullscreen=\"allowfullscreen\"><\/iframe><\/p>\n<p>&nbsp;<\/p>\n<p>&nbsp;<\/p>\n","protected":false},"excerpt":{"rendered":"C'est ce qu'estime la chaine du grand satan qui s'oppose \u00e0 la lib\u00e9ration de Fallujah et qui soutient les terroristes salafistes de Daesh. IL EST CLAIR QUE L\u2019OBJECTIF DE CETTE","protected":false},"author":2,"featured_media":0,"comment_status":"open","ping_status":"open","sticky":false,"template":"","format":"standard","meta":[],"categories":[49],"tags":[],"_links":{"self":[{"href":"https:\/\/www.lejournalduforkane.com\/index.php\/wp-json\/wp\/v2\/posts\/11136"}],"collection":[{"href":"https:\/\/www.lejournalduforkane.com\/index.php\/wp-json\/wp\/v2\/posts"}],"about":[{"href":"https:\/\/www.lejournalduforkane.com\/index.php\/wp-json\/wp\/v2\/types\/post"}],"author":[{"embeddable":true,"href":"https:\/\/www.lejournalduforkane.com\/index.php\/wp-json\/wp\/v2\/users\/2"}],"replies":[{"embeddable":true,"href":"https:\/\/www.lejournalduforkane.com\/index.php\/wp-json\/wp\/v2\/comments?post=11136"}],"version-history":[{"count":3,"href":"https:\/\/www.lejournalduforkane.com\/index.php\/wp-json\/wp\/v2\/posts\/11136\/revisions"}],"predecessor-version":[{"id":16282,"href":"https:\/\/www.lejournalduforkane.com\/index.php\/wp-json\/wp\/v2\/posts\/11136\/revisions\/16282"}],"wp:attachment":[{"href":"https:\/\/www.lejournalduforkane.com\/index.php\/wp-json\/wp\/v2\/media?parent=11136"}],"wp:term":[{"taxonomy":"category","embeddable":true,"href":"https:\/\/www.lejournalduforkane.com\/index.php\/wp-json\/wp\/v2\/categories?post=11136"},{"taxonomy":"post_tag","embeddable":true,"href":"https:\/\/www.lejournalduforkane.com\/index.php\/wp-json\/wp\/v2\/tags?post=11136"}],"curies":[{"name":"wp","href":"https:\/\/api.w.org\/{rel}","templated":true}]}}