
{"id":11140,"date":"2016-05-29T10:29:48","date_gmt":"2016-05-29T10:29:48","guid":{"rendered":"https:\/\/www.lejournalduforkane.com\/?p=11140"},"modified":"2016-05-29T10:29:48","modified_gmt":"2016-05-29T10:29:48","slug":"video-des-terroristes-de-daesh-captures-par-les-combattants-de-la-mobilisation-populaire","status":"publish","type":"post","link":"https:\/\/www.lejournalduforkane.com\/index.php\/video-des-terroristes-de-daesh-captures-par-les-combattants-de-la-mobilisation-populaire\/","title":{"rendered":"[Vid\u00e9o] | Des terroristes de Daesh captur\u00e9s par les combattants de la Mobilisation Populaire"},"content":{"rendered":"<p><!--more-->On esp\u00e8re d&rsquo;autres captures<\/p>\n<p>MORT A DAESH<br \/>\n<iframe loading=\"lazy\" src=\"https:\/\/www.youtube.com\/embed\/gVnXEkiLEaw\" width=\"560\" height=\"315\" frameborder=\"0\" allowfullscreen=\"allowfullscreen\"><\/iframe><\/p>\n<p><img loading=\"lazy\" class=\"alignnone size-medium wp-image-11141\" src=\"https:\/\/www.lejournalduforkane.com\/wp-content\/uploads\/2016\/05\/capture-de-daesh-300x164.jpg\" alt=\"capture de daesh\" width=\"300\" height=\"164\" srcset=\"https:\/\/www.lejournalduforkane.com\/wp-content\/uploads\/2016\/05\/capture-de-daesh-300x164.jpg 300w, https:\/\/www.lejournalduforkane.com\/wp-content\/uploads\/2016\/05\/capture-de-daesh.jpg 473w\" sizes=\"(max-width: 300px) 100vw, 300px\" \/><\/p>\n<p>&nbsp;<\/p>\n","protected":false},"excerpt":{"rendered":"On esp\u00e8re d'autres captures MORT A DAESH &nbsp;","protected":false},"author":2,"featured_media":0,"comment_status":"open","ping_status":"open","sticky":false,"template":"","format":"standard","meta":[],"categories":[],"tags":[],"_links":{"self":[{"href":"https:\/\/www.lejournalduforkane.com\/index.php\/wp-json\/wp\/v2\/posts\/11140"}],"collection":[{"href":"https:\/\/www.lejournalduforkane.com\/index.php\/wp-json\/wp\/v2\/posts"}],"about":[{"href":"https:\/\/www.lejournalduforkane.com\/index.php\/wp-json\/wp\/v2\/types\/post"}],"author":[{"embeddable":true,"href":"https:\/\/www.lejournalduforkane.com\/index.php\/wp-json\/wp\/v2\/users\/2"}],"replies":[{"embeddable":true,"href":"https:\/\/www.lejournalduforkane.com\/index.php\/wp-json\/wp\/v2\/comments?post=11140"}],"version-history":[{"count":1,"href":"https:\/\/www.lejournalduforkane.com\/index.php\/wp-json\/wp\/v2\/posts\/11140\/revisions"}],"predecessor-version":[{"id":11142,"href":"https:\/\/www.lejournalduforkane.com\/index.php\/wp-json\/wp\/v2\/posts\/11140\/revisions\/11142"}],"wp:attachment":[{"href":"https:\/\/www.lejournalduforkane.com\/index.php\/wp-json\/wp\/v2\/media?parent=11140"}],"wp:term":[{"taxonomy":"category","embeddable":true,"href":"https:\/\/www.lejournalduforkane.com\/index.php\/wp-json\/wp\/v2\/categories?post=11140"},{"taxonomy":"post_tag","embeddable":true,"href":"https:\/\/www.lejournalduforkane.com\/index.php\/wp-json\/wp\/v2\/tags?post=11140"}],"curies":[{"name":"wp","href":"https:\/\/api.w.org\/{rel}","templated":true}]}}