
{"id":11178,"date":"2016-05-30T15:44:53","date_gmt":"2016-05-30T15:44:53","guid":{"rendered":"https:\/\/www.lejournalduforkane.com\/?p=11178"},"modified":"2016-05-30T15:44:53","modified_gmt":"2016-05-30T15:44:53","slug":"qassem-soleimani-est-en-irak-sur-demande-du-gouvernement-irakien","status":"publish","type":"post","link":"https:\/\/www.lejournalduforkane.com\/index.php\/qassem-soleimani-est-en-irak-sur-demande-du-gouvernement-irakien\/","title":{"rendered":"Qassem Soleimani est en Irak sur demande du gouvernement Irakien"},"content":{"rendered":"<p><!--more--><\/p>\n<p>Ce sont les propos du vice-chef de la Mobilisation populaire, Abou Mahdi l&rsquo;ing\u00e9nieur. Il explique dans cette vid\u00e9o que le g\u00e9n\u00e9ral iranien est pr\u00e9sent en Irak sur demande du gouvernement irakien et du 1er ministre Haydar el-&lsquo;Abadi&#8230; qui est l&rsquo;un de ses amis.. Celui \u00e0 qui \u00e7a ne plait pas, qu&rsquo;il aille en enfer !<\/p>\n<p><iframe loading=\"lazy\" src=\"https:\/\/www.youtube.com\/embed\/KfxiwXi7XYI\" width=\"420\" height=\"315\" frameborder=\"0\" allowfullscreen=\"allowfullscreen\"><\/iframe><\/p>\n<p><img loading=\"lazy\" class=\"alignnone wp-image-11179 size-full\" src=\"https:\/\/www.lejournalduforkane.com\/wp-content\/uploads\/2016\/05\/qassem-soulaymani.png\" alt=\"qassem soulaymani\" width=\"709\" height=\"517\" srcset=\"https:\/\/www.lejournalduforkane.com\/wp-content\/uploads\/2016\/05\/qassem-soulaymani.png 709w, https:\/\/www.lejournalduforkane.com\/wp-content\/uploads\/2016\/05\/qassem-soulaymani-300x219.png 300w\" sizes=\"(max-width: 709px) 100vw, 709px\" \/><\/p>\n","protected":false},"excerpt":{"rendered":"Ce sont les propos du vice-chef de la Mobilisation populaire, Abou Mahdi l'ing\u00e9nieur. Il explique dans cette vid\u00e9o que le g\u00e9n\u00e9ral iranien est pr\u00e9sent en Irak sur demande du gouvernement","protected":false},"author":2,"featured_media":0,"comment_status":"open","ping_status":"open","sticky":false,"template":"","format":"standard","meta":[],"categories":[],"tags":[],"_links":{"self":[{"href":"https:\/\/www.lejournalduforkane.com\/index.php\/wp-json\/wp\/v2\/posts\/11178"}],"collection":[{"href":"https:\/\/www.lejournalduforkane.com\/index.php\/wp-json\/wp\/v2\/posts"}],"about":[{"href":"https:\/\/www.lejournalduforkane.com\/index.php\/wp-json\/wp\/v2\/types\/post"}],"author":[{"embeddable":true,"href":"https:\/\/www.lejournalduforkane.com\/index.php\/wp-json\/wp\/v2\/users\/2"}],"replies":[{"embeddable":true,"href":"https:\/\/www.lejournalduforkane.com\/index.php\/wp-json\/wp\/v2\/comments?post=11178"}],"version-history":[{"count":1,"href":"https:\/\/www.lejournalduforkane.com\/index.php\/wp-json\/wp\/v2\/posts\/11178\/revisions"}],"predecessor-version":[{"id":11180,"href":"https:\/\/www.lejournalduforkane.com\/index.php\/wp-json\/wp\/v2\/posts\/11178\/revisions\/11180"}],"wp:attachment":[{"href":"https:\/\/www.lejournalduforkane.com\/index.php\/wp-json\/wp\/v2\/media?parent=11178"}],"wp:term":[{"taxonomy":"category","embeddable":true,"href":"https:\/\/www.lejournalduforkane.com\/index.php\/wp-json\/wp\/v2\/categories?post=11178"},{"taxonomy":"post_tag","embeddable":true,"href":"https:\/\/www.lejournalduforkane.com\/index.php\/wp-json\/wp\/v2\/tags?post=11178"}],"curies":[{"name":"wp","href":"https:\/\/api.w.org\/{rel}","templated":true}]}}