
{"id":11184,"date":"2016-05-30T16:20:20","date_gmt":"2016-05-30T16:20:20","guid":{"rendered":"https:\/\/www.lejournalduforkane.com\/?p=11184"},"modified":"2016-05-30T16:20:20","modified_gmt":"2016-05-30T16:20:20","slug":"en-video-le-moment-de-lentree-des-combattants-de-la-mobilisation-populaire-a-fallujah","status":"publish","type":"post","link":"https:\/\/www.lejournalduforkane.com\/index.php\/en-video-le-moment-de-lentree-des-combattants-de-la-mobilisation-populaire-a-fallujah\/","title":{"rendered":"En vid\u00e9o&#8230; Le moment de l&rsquo;entr\u00e9e des combattants de la Mobilisation populaire \u00e0 Fallujah"},"content":{"rendered":"<p><!--more--><\/p>\n<p>En vid\u00e9o&#8230; Le moment de l&rsquo;entr\u00e9e des combattants de la Mobilisation populaire \u00e0 Fallujah<br \/>\nQu&rsquo;Allah leur donne la Victoire.<\/p>\n<p><iframe loading=\"lazy\" src=\"https:\/\/www.youtube.com\/embed\/lq0FHww2gXQ\" width=\"560\" height=\"315\" frameborder=\"0\" allowfullscreen=\"allowfullscreen\"><\/iframe><\/p>\n<p><img loading=\"lazy\" class=\"alignnone wp-image-11185 size-full\" src=\"https:\/\/www.lejournalduforkane.com\/wp-content\/uploads\/2016\/05\/entree-fallujah.png\" alt=\"entree fallujah\" width=\"204\" height=\"359\" srcset=\"https:\/\/www.lejournalduforkane.com\/wp-content\/uploads\/2016\/05\/entree-fallujah.png 204w, https:\/\/www.lejournalduforkane.com\/wp-content\/uploads\/2016\/05\/entree-fallujah-170x300.png 170w\" sizes=\"(max-width: 204px) 100vw, 204px\" \/><\/p>\n","protected":false},"excerpt":{"rendered":"En vid\u00e9o... Le moment de l'entr\u00e9e des combattants de la Mobilisation populaire \u00e0 Fallujah Qu'Allah leur donne la Victoire.","protected":false},"author":2,"featured_media":0,"comment_status":"open","ping_status":"open","sticky":false,"template":"","format":"standard","meta":[],"categories":[],"tags":[],"_links":{"self":[{"href":"https:\/\/www.lejournalduforkane.com\/index.php\/wp-json\/wp\/v2\/posts\/11184"}],"collection":[{"href":"https:\/\/www.lejournalduforkane.com\/index.php\/wp-json\/wp\/v2\/posts"}],"about":[{"href":"https:\/\/www.lejournalduforkane.com\/index.php\/wp-json\/wp\/v2\/types\/post"}],"author":[{"embeddable":true,"href":"https:\/\/www.lejournalduforkane.com\/index.php\/wp-json\/wp\/v2\/users\/2"}],"replies":[{"embeddable":true,"href":"https:\/\/www.lejournalduforkane.com\/index.php\/wp-json\/wp\/v2\/comments?post=11184"}],"version-history":[{"count":1,"href":"https:\/\/www.lejournalduforkane.com\/index.php\/wp-json\/wp\/v2\/posts\/11184\/revisions"}],"predecessor-version":[{"id":11186,"href":"https:\/\/www.lejournalduforkane.com\/index.php\/wp-json\/wp\/v2\/posts\/11184\/revisions\/11186"}],"wp:attachment":[{"href":"https:\/\/www.lejournalduforkane.com\/index.php\/wp-json\/wp\/v2\/media?parent=11184"}],"wp:term":[{"taxonomy":"category","embeddable":true,"href":"https:\/\/www.lejournalduforkane.com\/index.php\/wp-json\/wp\/v2\/categories?post=11184"},{"taxonomy":"post_tag","embeddable":true,"href":"https:\/\/www.lejournalduforkane.com\/index.php\/wp-json\/wp\/v2\/tags?post=11184"}],"curies":[{"name":"wp","href":"https:\/\/api.w.org\/{rel}","templated":true}]}}