
{"id":11225,"date":"2017-05-12T08:39:47","date_gmt":"2017-05-12T08:39:47","guid":{"rendered":"https:\/\/www.lejournalduforkane.com\/?p=11225"},"modified":"2017-05-12T18:39:43","modified_gmt":"2017-05-12T18:39:43","slug":"video-un-precheur-salafiste-promet-de-couper-la-tete-a-celui-ou-celle-qui-lit-la-doa-komayl","status":"publish","type":"post","link":"https:\/\/www.lejournalduforkane.com\/index.php\/video-un-precheur-salafiste-promet-de-couper-la-tete-a-celui-ou-celle-qui-lit-la-doa-komayl\/","title":{"rendered":"[Vid\u00e9o] | Un pr\u00eacheur salafiste promet de couper la t\u00eate \u00e0 celui ou celle qui lit la Do`\u00e2\u2019 Komayl"},"content":{"rendered":"<p><!--more--><\/p>\n<p style=\"text-align: justify;\">C&rsquo;est lors d&rsquo;une \u00e9mission dans la Chaine saoudienne pro-salafiste Al-Wissal que Khaled Al Ghamidi a menac\u00e9 de couper la t\u00eate \u00e0 quiconque r\u00e9citerait la Do`\u00e2\u2019 Komayl lors du prochain p\u00e8lerinage \u00e0 l\u00e0 Mecque.<\/p>\n<p style=\"text-align: justify;\">Pour rappel, la Do`\u00e2\u2019 Komayl tire son nom de Komayl Ibn Ziy\u00e2d al-Nakh`\u00ee \u00e0 qui I\u2019Imam Ali (AS) avait appris cette Pri\u00e8re de Demande. Cette invocation est l\u2019un des plus c\u00e9l\u00e8bres en Islam. Les Musulmans du monde entier la r\u00e9cite en assembl\u00e9e chaque jeudi soir. II est dit que quiconque lit le Do`\u00e2\u2019 Komayl, Dieu exaucera ses voeux, le soustraira \u00e0 la malveillance de ses ennemis, augmentera ses moyens de subsistance et absoudra ses p\u00e9ch\u00e9s.<\/p>\n<p style=\"text-align: justify;\">Les autorit\u00e9s saoudiennes veulent interdire aux Iraniens de r\u00e9citer les invocations de Dieu, dont notamment cette Do`\u00e2\u2019 Komayl, qui constitue un danger ! selon eux !<\/p>\n<p style=\"text-align: justify;\">Cela montrant clairement que les autorit\u00e9s saoudiennes et leur savants salafistes wahhabites ne sont pas musulmans.<\/p>\n<p><iframe loading=\"lazy\" src=\"https:\/\/www.youtube.com\/embed\/fsDhVNCMEH8\" width=\"420\" height=\"315\" frameborder=\"0\" allowfullscreen=\"allowfullscreen\"><\/iframe><\/p>\n<p style=\"text-align: justify;\"><img loading=\"lazy\" class=\"alignnone wp-image-11226 size-full\" src=\"https:\/\/www.lejournalduforkane.com\/wp-content\/uploads\/2016\/05\/salaf.png\" alt=\"salaf\" width=\"575\" height=\"436\" srcset=\"https:\/\/www.lejournalduforkane.com\/wp-content\/uploads\/2016\/05\/salaf.png 575w, https:\/\/www.lejournalduforkane.com\/wp-content\/uploads\/2016\/05\/salaf-300x227.png 300w\" sizes=\"(max-width: 575px) 100vw, 575px\" \/><\/p>\n","protected":false},"excerpt":{"rendered":"C'est lors d'une \u00e9mission dans la Chaine saoudienne pro-salafiste Al-Wissal que Khaled Al Ghamidi a menac\u00e9 de couper la t\u00eate \u00e0 quiconque r\u00e9citerait la Do`\u00e2\u2019 Komayl lors du prochain p\u00e8lerinage","protected":false},"author":2,"featured_media":0,"comment_status":"open","ping_status":"open","sticky":false,"template":"","format":"standard","meta":[],"categories":[49],"tags":[],"_links":{"self":[{"href":"https:\/\/www.lejournalduforkane.com\/index.php\/wp-json\/wp\/v2\/posts\/11225"}],"collection":[{"href":"https:\/\/www.lejournalduforkane.com\/index.php\/wp-json\/wp\/v2\/posts"}],"about":[{"href":"https:\/\/www.lejournalduforkane.com\/index.php\/wp-json\/wp\/v2\/types\/post"}],"author":[{"embeddable":true,"href":"https:\/\/www.lejournalduforkane.com\/index.php\/wp-json\/wp\/v2\/users\/2"}],"replies":[{"embeddable":true,"href":"https:\/\/www.lejournalduforkane.com\/index.php\/wp-json\/wp\/v2\/comments?post=11225"}],"version-history":[{"count":1,"href":"https:\/\/www.lejournalduforkane.com\/index.php\/wp-json\/wp\/v2\/posts\/11225\/revisions"}],"predecessor-version":[{"id":11227,"href":"https:\/\/www.lejournalduforkane.com\/index.php\/wp-json\/wp\/v2\/posts\/11225\/revisions\/11227"}],"wp:attachment":[{"href":"https:\/\/www.lejournalduforkane.com\/index.php\/wp-json\/wp\/v2\/media?parent=11225"}],"wp:term":[{"taxonomy":"category","embeddable":true,"href":"https:\/\/www.lejournalduforkane.com\/index.php\/wp-json\/wp\/v2\/categories?post=11225"},{"taxonomy":"post_tag","embeddable":true,"href":"https:\/\/www.lejournalduforkane.com\/index.php\/wp-json\/wp\/v2\/tags?post=11225"}],"curies":[{"name":"wp","href":"https:\/\/api.w.org\/{rel}","templated":true}]}}