
{"id":11282,"date":"2016-06-04T16:27:47","date_gmt":"2016-06-04T16:27:47","guid":{"rendered":"https:\/\/www.lejournalduforkane.com\/?p=11282"},"modified":"2016-06-04T16:33:35","modified_gmt":"2016-06-04T16:33:35","slug":"cest-avec-une-grande-tristesse-que-nous-apprenons-aujourdhui-la-mort-du-grand-mohammed-ali-age-de-74ans-des-suite-de-la-maladie-de-parkinson-ali-dani-et-le-journal-du-forkane-voudraient-re","status":"publish","type":"post","link":"https:\/\/www.lejournalduforkane.com\/index.php\/cest-avec-une-grande-tristesse-que-nous-apprenons-aujourdhui-la-mort-du-grand-mohammed-ali-age-de-74ans-des-suite-de-la-maladie-de-parkinson-ali-dani-et-le-journal-du-forkane-voudraient-re\/","title":{"rendered":"[Vid\u00e9o] | Le grand champion Mohammed Ali r\u00e9pond \u00e0 la question d\u2019un petit gar\u00e7on"},"content":{"rendered":"<p><!--more--><\/p>\n<p style=\"text-align: justify;\">Le grand champion Mohammed Ali r\u00e9pond \u00e0 la question d\u2019un petit gar\u00e7on qui lui demandait ce qu\u2019il comptait faire apr\u00e8s la boxe..<\/p>\n<p style=\"text-align: justify;\">La r\u00e9ponse est tout bonnement magnifique et d\u2019une rare sinc\u00e9rit\u00e9. Il est impensable de pouvoir assister \u00e0 de telles d\u00e9clarations \u00e0 l\u2019heure actuelle.<\/p>\n<p><iframe loading=\"lazy\" src=\"https:\/\/www.youtube.com\/embed\/Bq40aKHyxIA\" width=\"560\" height=\"315\" frameborder=\"0\" allowfullscreen=\"allowfullscreen\"><\/iframe><\/p>\n<p><img loading=\"lazy\" class=\"alignnone wp-image-11283 size-full\" src=\"https:\/\/www.lejournalduforkane.com\/wp-content\/uploads\/2016\/06\/Capture-1.png\" alt=\"Capture\" width=\"852\" height=\"478\" srcset=\"https:\/\/www.lejournalduforkane.com\/wp-content\/uploads\/2016\/06\/Capture-1.png 852w, https:\/\/www.lejournalduforkane.com\/wp-content\/uploads\/2016\/06\/Capture-1-300x168.png 300w, https:\/\/www.lejournalduforkane.com\/wp-content\/uploads\/2016\/06\/Capture-1-768x431.png 768w\" sizes=\"(max-width: 852px) 100vw, 852px\" \/><\/p>\n<p>&nbsp;<\/p>\n","protected":false},"excerpt":{"rendered":"Le grand champion Mohammed Ali r\u00e9pond \u00e0 la question d\u2019un petit gar\u00e7on qui lui demandait ce qu\u2019il comptait faire apr\u00e8s la boxe.. La r\u00e9ponse est tout bonnement magnifique et d\u2019une","protected":false},"author":2,"featured_media":0,"comment_status":"open","ping_status":"open","sticky":false,"template":"","format":"standard","meta":[],"categories":[],"tags":[],"_links":{"self":[{"href":"https:\/\/www.lejournalduforkane.com\/index.php\/wp-json\/wp\/v2\/posts\/11282"}],"collection":[{"href":"https:\/\/www.lejournalduforkane.com\/index.php\/wp-json\/wp\/v2\/posts"}],"about":[{"href":"https:\/\/www.lejournalduforkane.com\/index.php\/wp-json\/wp\/v2\/types\/post"}],"author":[{"embeddable":true,"href":"https:\/\/www.lejournalduforkane.com\/index.php\/wp-json\/wp\/v2\/users\/2"}],"replies":[{"embeddable":true,"href":"https:\/\/www.lejournalduforkane.com\/index.php\/wp-json\/wp\/v2\/comments?post=11282"}],"version-history":[{"count":3,"href":"https:\/\/www.lejournalduforkane.com\/index.php\/wp-json\/wp\/v2\/posts\/11282\/revisions"}],"predecessor-version":[{"id":11286,"href":"https:\/\/www.lejournalduforkane.com\/index.php\/wp-json\/wp\/v2\/posts\/11282\/revisions\/11286"}],"wp:attachment":[{"href":"https:\/\/www.lejournalduforkane.com\/index.php\/wp-json\/wp\/v2\/media?parent=11282"}],"wp:term":[{"taxonomy":"category","embeddable":true,"href":"https:\/\/www.lejournalduforkane.com\/index.php\/wp-json\/wp\/v2\/categories?post=11282"},{"taxonomy":"post_tag","embeddable":true,"href":"https:\/\/www.lejournalduforkane.com\/index.php\/wp-json\/wp\/v2\/tags?post=11282"}],"curies":[{"name":"wp","href":"https:\/\/api.w.org\/{rel}","templated":true}]}}