
{"id":11290,"date":"2016-06-04T16:40:37","date_gmt":"2016-06-04T16:40:37","guid":{"rendered":"https:\/\/www.lejournalduforkane.com\/?p=11290"},"modified":"2016-06-04T16:40:37","modified_gmt":"2016-06-04T16:40:37","slug":"video-la-turquie-continue-daider-daesh","status":"publish","type":"post","link":"https:\/\/www.lejournalduforkane.com\/index.php\/video-la-turquie-continue-daider-daesh\/","title":{"rendered":"[Vid\u00e9o] | La Turquie continue d&rsquo;aider Daesh"},"content":{"rendered":"<p><!--more--><\/p>\n<p>Voici les images prises par un drone russe montrant le trafic et des camions remplis d&rsquo;armes, \u00e0 la fronti\u00e8re entre la Syrie et la Turquie.<\/p>\n<p>La Turquie continue ses men\u00e9es terroristes en Syrie, qui ne sont plus un secret. Elle est le point de passage le plus important des armes et des fonds destin\u00e9s aux groupes terroristes arm\u00e9s.<\/p>\n<p>Lire article : La Turquie continue \u00e0 creuser sa tombe ==&gt;<\/p>\n<p><a href=\"https:\/\/www.lejournalduforkane.com\/index.php\/lennemi-terroriste-recule-en-syrie-devant-la-perseverance-et-la-loyaute-de-larmee-et-du-peuple\">https:\/\/www.lejournalduforkane.com\/index.php\/lennemi-terroriste-recule-en-syrie-devant-la-perseverance-et-la-loyaute-de-larmee-et-du-peuple<\/a><\/p>\n<p><iframe loading=\"lazy\" src=\"https:\/\/www.youtube.com\/embed\/om6Rc_4mkK0\" width=\"420\" height=\"315\" frameborder=\"0\" allowfullscreen=\"allowfullscreen\"><\/iframe><\/p>\n<p><img loading=\"lazy\" class=\"alignnone wp-image-11291 size-full\" src=\"https:\/\/www.lejournalduforkane.com\/wp-content\/uploads\/2016\/06\/turquie-daech.png\" alt=\"turquie daech\" width=\"463\" height=\"367\" srcset=\"https:\/\/www.lejournalduforkane.com\/wp-content\/uploads\/2016\/06\/turquie-daech.png 463w, https:\/\/www.lejournalduforkane.com\/wp-content\/uploads\/2016\/06\/turquie-daech-300x238.png 300w\" sizes=\"(max-width: 463px) 100vw, 463px\" \/><\/p>\n","protected":false},"excerpt":{"rendered":"Voici les images prises par un drone russe montrant le trafic et des camions remplis d'armes, \u00e0 la fronti\u00e8re entre la Syrie et la Turquie. La Turquie continue ses men\u00e9es","protected":false},"author":2,"featured_media":0,"comment_status":"open","ping_status":"open","sticky":false,"template":"","format":"standard","meta":[],"categories":[],"tags":[],"_links":{"self":[{"href":"https:\/\/www.lejournalduforkane.com\/index.php\/wp-json\/wp\/v2\/posts\/11290"}],"collection":[{"href":"https:\/\/www.lejournalduforkane.com\/index.php\/wp-json\/wp\/v2\/posts"}],"about":[{"href":"https:\/\/www.lejournalduforkane.com\/index.php\/wp-json\/wp\/v2\/types\/post"}],"author":[{"embeddable":true,"href":"https:\/\/www.lejournalduforkane.com\/index.php\/wp-json\/wp\/v2\/users\/2"}],"replies":[{"embeddable":true,"href":"https:\/\/www.lejournalduforkane.com\/index.php\/wp-json\/wp\/v2\/comments?post=11290"}],"version-history":[{"count":1,"href":"https:\/\/www.lejournalduforkane.com\/index.php\/wp-json\/wp\/v2\/posts\/11290\/revisions"}],"predecessor-version":[{"id":11292,"href":"https:\/\/www.lejournalduforkane.com\/index.php\/wp-json\/wp\/v2\/posts\/11290\/revisions\/11292"}],"wp:attachment":[{"href":"https:\/\/www.lejournalduforkane.com\/index.php\/wp-json\/wp\/v2\/media?parent=11290"}],"wp:term":[{"taxonomy":"category","embeddable":true,"href":"https:\/\/www.lejournalduforkane.com\/index.php\/wp-json\/wp\/v2\/categories?post=11290"},{"taxonomy":"post_tag","embeddable":true,"href":"https:\/\/www.lejournalduforkane.com\/index.php\/wp-json\/wp\/v2\/tags?post=11290"}],"curies":[{"name":"wp","href":"https:\/\/api.w.org\/{rel}","templated":true}]}}