
{"id":11359,"date":"2016-06-06T12:52:58","date_gmt":"2016-06-06T12:52:58","guid":{"rendered":"https:\/\/www.lejournalduforkane.com\/?p=11359"},"modified":"2016-06-06T12:52:58","modified_gmt":"2016-06-06T12:52:58","slug":"video-regardez-comment-les-francais-accueillent-emmanuel-macron","status":"publish","type":"post","link":"https:\/\/www.lejournalduforkane.com\/index.php\/video-regardez-comment-les-francais-accueillent-emmanuel-macron\/","title":{"rendered":"[Vid\u00e9o] | Regardez comment les Fran\u00e7ais accueillent Emmanuel Macron"},"content":{"rendered":"<p style=\"text-align: justify;\"><!--more--><\/p>\n<p style=\"text-align: justify;\">Venu \u00e0 la Poste de Montreuil (Seine-Saint-Denis) pour d\u00e9voiler le timbre \u00e9mis pour les 80 ans du Front Populaire, a re\u00e7u un accueil hostile. Une centaine de personnes l&rsquo;attendaient&#8230;<\/p>\n<p style=\"text-align: justify;\">De nombreux \u0153ufs et des tracts ont \u00e9t\u00e9 jet\u00e9s sur le ministre de l\u2019\u00c9conomie d\u00e8s sa sortie de voiture.<\/p>\n<div class=\"text_exposed_show\">\n<p style=\"text-align: justify;\">C&rsquo;est homme est un parvenu sans aucun m\u00e9rite qui est toujours \u00e0 genoux devant les sionistes.<\/p>\n<\/div>\n<p><iframe loading=\"lazy\" src=\"https:\/\/www.youtube.com\/embed\/y8pjGZstDe8\" width=\"560\" height=\"315\" frameborder=\"0\" allowfullscreen=\"allowfullscreen\"><\/iframe><\/p>\n<p><img loading=\"lazy\" class=\"alignnone size-medium wp-image-11360\" src=\"https:\/\/www.lejournalduforkane.com\/wp-content\/uploads\/2016\/06\/macron-hu\u00e9-300x169.jpg\" alt=\"macron hu\u00e9\" width=\"300\" height=\"169\" srcset=\"https:\/\/www.lejournalduforkane.com\/wp-content\/uploads\/2016\/06\/macron-hu\u00e9-300x169.jpg 300w, https:\/\/www.lejournalduforkane.com\/wp-content\/uploads\/2016\/06\/macron-hu\u00e9.jpg 641w\" sizes=\"(max-width: 300px) 100vw, 300px\" \/><\/p>\n","protected":false},"excerpt":{"rendered":"Venu \u00e0 la Poste de Montreuil (Seine-Saint-Denis) pour d\u00e9voiler le timbre \u00e9mis pour les 80 ans du Front Populaire, a re\u00e7u un accueil hostile. Une centaine de personnes l'attendaient... De","protected":false},"author":2,"featured_media":0,"comment_status":"open","ping_status":"open","sticky":false,"template":"","format":"standard","meta":[],"categories":[],"tags":[],"_links":{"self":[{"href":"https:\/\/www.lejournalduforkane.com\/index.php\/wp-json\/wp\/v2\/posts\/11359"}],"collection":[{"href":"https:\/\/www.lejournalduforkane.com\/index.php\/wp-json\/wp\/v2\/posts"}],"about":[{"href":"https:\/\/www.lejournalduforkane.com\/index.php\/wp-json\/wp\/v2\/types\/post"}],"author":[{"embeddable":true,"href":"https:\/\/www.lejournalduforkane.com\/index.php\/wp-json\/wp\/v2\/users\/2"}],"replies":[{"embeddable":true,"href":"https:\/\/www.lejournalduforkane.com\/index.php\/wp-json\/wp\/v2\/comments?post=11359"}],"version-history":[{"count":1,"href":"https:\/\/www.lejournalduforkane.com\/index.php\/wp-json\/wp\/v2\/posts\/11359\/revisions"}],"predecessor-version":[{"id":11361,"href":"https:\/\/www.lejournalduforkane.com\/index.php\/wp-json\/wp\/v2\/posts\/11359\/revisions\/11361"}],"wp:attachment":[{"href":"https:\/\/www.lejournalduforkane.com\/index.php\/wp-json\/wp\/v2\/media?parent=11359"}],"wp:term":[{"taxonomy":"category","embeddable":true,"href":"https:\/\/www.lejournalduforkane.com\/index.php\/wp-json\/wp\/v2\/categories?post=11359"},{"taxonomy":"post_tag","embeddable":true,"href":"https:\/\/www.lejournalduforkane.com\/index.php\/wp-json\/wp\/v2\/tags?post=11359"}],"curies":[{"name":"wp","href":"https:\/\/api.w.org\/{rel}","templated":true}]}}