
{"id":11429,"date":"2017-06-15T16:31:50","date_gmt":"2017-06-15T16:31:50","guid":{"rendered":"https:\/\/www.lejournalduforkane.com\/?p=11429"},"modified":"2017-06-16T09:54:39","modified_gmt":"2017-06-16T09:54:39","slug":"le-plus-grand-iftar-repas-de-rupture-du-jeune-au-monde-12-000-personnes-pendant-30-nuits","status":"publish","type":"post","link":"https:\/\/www.lejournalduforkane.com\/index.php\/le-plus-grand-iftar-repas-de-rupture-du-jeune-au-monde-12-000-personnes-pendant-30-nuits\/","title":{"rendered":"vid\u00e9o : Le plus grand iftar (repas de rupture du je\u00fbne) au monde, 12 000 personnes pendant 30 nuits"},"content":{"rendered":"<p><!--more--><\/p>\n<p>vid\u00e9o : Le plus grand iftar (repas de rupture du je\u00fbne) au monde \u00e0 lieu \u00e0 la Mosqu\u00e9e de l&rsquo;Imam Reza en Iran<\/p>\n<p>On y sert 12 000 personnes pendant 30 nuits durant ce mois sacr\u00e9 de Ramadhan<br \/>\n<iframe loading=\"lazy\" src=\"https:\/\/www.youtube.com\/embed\/inzX2R2mCvY\" width=\"560\" height=\"315\" frameborder=\"0\" allowfullscreen=\"allowfullscreen\"><\/iframe><\/p>\n<p><img loading=\"lazy\" class=\"alignnone size-medium wp-image-11430\" src=\"https:\/\/www.lejournalduforkane.com\/wp-content\/uploads\/2016\/06\/mois-de-ramadan-en-iran-7-300x169.jpg\" alt=\"mois de ramadan en iran 7\" width=\"300\" height=\"169\" srcset=\"https:\/\/www.lejournalduforkane.com\/wp-content\/uploads\/2016\/06\/mois-de-ramadan-en-iran-7-300x169.jpg 300w, https:\/\/www.lejournalduforkane.com\/wp-content\/uploads\/2016\/06\/mois-de-ramadan-en-iran-7.jpg 470w\" sizes=\"(max-width: 300px) 100vw, 300px\" \/><\/p>\n<p>&nbsp;<\/p>\n","protected":false},"excerpt":{"rendered":"vid\u00e9o : Le plus grand iftar (repas de rupture du je\u00fbne) au monde \u00e0 lieu \u00e0 la Mosqu\u00e9e de l'Imam Reza en Iran On y sert 12 000 personnes pendant","protected":false},"author":2,"featured_media":0,"comment_status":"open","ping_status":"open","sticky":false,"template":"","format":"standard","meta":[],"categories":[49],"tags":[],"_links":{"self":[{"href":"https:\/\/www.lejournalduforkane.com\/index.php\/wp-json\/wp\/v2\/posts\/11429"}],"collection":[{"href":"https:\/\/www.lejournalduforkane.com\/index.php\/wp-json\/wp\/v2\/posts"}],"about":[{"href":"https:\/\/www.lejournalduforkane.com\/index.php\/wp-json\/wp\/v2\/types\/post"}],"author":[{"embeddable":true,"href":"https:\/\/www.lejournalduforkane.com\/index.php\/wp-json\/wp\/v2\/users\/2"}],"replies":[{"embeddable":true,"href":"https:\/\/www.lejournalduforkane.com\/index.php\/wp-json\/wp\/v2\/comments?post=11429"}],"version-history":[{"count":2,"href":"https:\/\/www.lejournalduforkane.com\/index.php\/wp-json\/wp\/v2\/posts\/11429\/revisions"}],"predecessor-version":[{"id":11432,"href":"https:\/\/www.lejournalduforkane.com\/index.php\/wp-json\/wp\/v2\/posts\/11429\/revisions\/11432"}],"wp:attachment":[{"href":"https:\/\/www.lejournalduforkane.com\/index.php\/wp-json\/wp\/v2\/media?parent=11429"}],"wp:term":[{"taxonomy":"category","embeddable":true,"href":"https:\/\/www.lejournalduforkane.com\/index.php\/wp-json\/wp\/v2\/categories?post=11429"},{"taxonomy":"post_tag","embeddable":true,"href":"https:\/\/www.lejournalduforkane.com\/index.php\/wp-json\/wp\/v2\/tags?post=11429"}],"curies":[{"name":"wp","href":"https:\/\/api.w.org\/{rel}","templated":true}]}}