
{"id":11500,"date":"2016-06-11T14:23:26","date_gmt":"2016-06-11T14:23:26","guid":{"rendered":"https:\/\/www.lejournalduforkane.com\/?p=11500"},"modified":"2016-06-11T14:23:26","modified_gmt":"2016-06-11T14:23:26","slug":"video-la-coalition-arabo-sioniste-detruit-un-village-entier-pendant-le-mois-beni-de-ramadhan","status":"publish","type":"post","link":"https:\/\/www.lejournalduforkane.com\/index.php\/video-la-coalition-arabo-sioniste-detruit-un-village-entier-pendant-le-mois-beni-de-ramadhan\/","title":{"rendered":"[Vid\u00e9o] | La coalition arabo-sioniste d\u00e9truit un village entier pendant le mois b\u00e9ni de Ramadhan"},"content":{"rendered":"<p style=\"text-align: justify;\"><!--more--><span class=\"_5yl5\">Au moins 100 y\u00e9m\u00e9nites ont \u00e9t\u00e9 tu\u00e9s et des dizaines bless\u00e9s, principalement des femmes et des enfants apr\u00e8s que les avions de la maudite Arabie ont commis un g\u00e9nocide contre 7 familles Y\u00e9m\u00e9nite.<br \/>\nUn village complet a \u00e9t\u00e9 d\u00e9truit et a perdu un grand nombre de ses habitants.<\/span><\/p>\n<p style=\"text-align: justify;\">La communaut\u00e9 internationale doit STOP \u00e0 cette coalition arabo-sioniste.<\/p>\n<p style=\"text-align: justify;\">AL-MAHDI ET SES PARTISANS VIENDRONT AVEC SON GRAND PROJET POUR SAUVER LE Y\u00c9MEN DES GRIFFES DES MAUDITS ARABES SIONISTES QUI ONT TRAHI L\u2019ISLAM ET LES MUSULMANS. ILS ONT OUTREPASS\u00c9S TOUTES LES LIMITES\u2026.<\/p>\n<p style=\"text-align: justify;\"><iframe loading=\"lazy\" src=\"https:\/\/www.youtube.com\/embed\/kZvs3fErLw4\" width=\"420\" height=\"315\" frameborder=\"0\" allowfullscreen=\"allowfullscreen\"><\/iframe><\/p>\n<p style=\"text-align: justify;\">\n<p style=\"text-align: justify;\"><img loading=\"lazy\" class=\"alignnone size-medium wp-image-11501\" src=\"https:\/\/www.lejournalduforkane.com\/wp-content\/uploads\/2016\/06\/massacre-pendant-le-ramadan-300x218.jpg\" alt=\"massacre pendant le ramadan\" width=\"300\" height=\"218\" srcset=\"https:\/\/www.lejournalduforkane.com\/wp-content\/uploads\/2016\/06\/massacre-pendant-le-ramadan-300x218.jpg 300w, https:\/\/www.lejournalduforkane.com\/wp-content\/uploads\/2016\/06\/massacre-pendant-le-ramadan.jpg 524w\" sizes=\"(max-width: 300px) 100vw, 300px\" \/><\/p>\n","protected":false},"excerpt":{"rendered":"Au moins 100 y\u00e9m\u00e9nites ont \u00e9t\u00e9 tu\u00e9s et des dizaines bless\u00e9s, principalement des femmes et des enfants apr\u00e8s que les avions de la maudite Arabie ont commis un g\u00e9nocide contre","protected":false},"author":2,"featured_media":0,"comment_status":"open","ping_status":"open","sticky":false,"template":"","format":"standard","meta":[],"categories":[],"tags":[],"_links":{"self":[{"href":"https:\/\/www.lejournalduforkane.com\/index.php\/wp-json\/wp\/v2\/posts\/11500"}],"collection":[{"href":"https:\/\/www.lejournalduforkane.com\/index.php\/wp-json\/wp\/v2\/posts"}],"about":[{"href":"https:\/\/www.lejournalduforkane.com\/index.php\/wp-json\/wp\/v2\/types\/post"}],"author":[{"embeddable":true,"href":"https:\/\/www.lejournalduforkane.com\/index.php\/wp-json\/wp\/v2\/users\/2"}],"replies":[{"embeddable":true,"href":"https:\/\/www.lejournalduforkane.com\/index.php\/wp-json\/wp\/v2\/comments?post=11500"}],"version-history":[{"count":1,"href":"https:\/\/www.lejournalduforkane.com\/index.php\/wp-json\/wp\/v2\/posts\/11500\/revisions"}],"predecessor-version":[{"id":11502,"href":"https:\/\/www.lejournalduforkane.com\/index.php\/wp-json\/wp\/v2\/posts\/11500\/revisions\/11502"}],"wp:attachment":[{"href":"https:\/\/www.lejournalduforkane.com\/index.php\/wp-json\/wp\/v2\/media?parent=11500"}],"wp:term":[{"taxonomy":"category","embeddable":true,"href":"https:\/\/www.lejournalduforkane.com\/index.php\/wp-json\/wp\/v2\/categories?post=11500"},{"taxonomy":"post_tag","embeddable":true,"href":"https:\/\/www.lejournalduforkane.com\/index.php\/wp-json\/wp\/v2\/tags?post=11500"}],"curies":[{"name":"wp","href":"https:\/\/api.w.org\/{rel}","templated":true}]}}