
{"id":11583,"date":"2016-06-17T19:06:33","date_gmt":"2016-06-17T19:06:33","guid":{"rendered":"https:\/\/www.lejournalduforkane.com\/?p=11583"},"modified":"2016-06-17T19:06:33","modified_gmt":"2016-06-17T19:06:33","slug":"les-progres-de-larmee-arabe-syrienne-sur-les-positions-des-terroristes-de-daesh","status":"publish","type":"post","link":"https:\/\/www.lejournalduforkane.com\/index.php\/les-progres-de-larmee-arabe-syrienne-sur-les-positions-des-terroristes-de-daesh\/","title":{"rendered":"Les progr\u00e8s de l&rsquo;Arm\u00e9e Arabe Syrienne sur les positions des terroristes de Daesh"},"content":{"rendered":"<div data-contents=\"true\">\n<div class=\"\" data-offset-key=\"3frid-0-0\" data-editor=\"ecsf4\" data-block=\"true\">\n<div class=\"_1mf _1mj\" data-offset-key=\"3frid-0-0\">\n<p style=\"text-align: justify;\"><!--more--><\/p>\n<p><span data-offset-key=\"3frid-0-0\"><span data-text=\"true\">[Vid\u00e9o] | Les progr\u00e8s de l&rsquo;Arm\u00e9e Arabe Syrienne sur les positions des terroristes de Daesh \u00e0 Darayya (situ\u00e9e \u00e0 une dizaine de kilom\u00e8tres au sud-ouest du centre de Damas)<\/span><\/span><\/p>\n<\/div>\n<\/div>\n<div class=\"\" style=\"text-align: justify;\" data-offset-key=\"91cl1-0-0\" data-editor=\"ecsf4\" data-block=\"true\">\n<div class=\"_1mf _1mj\" data-offset-key=\"91cl1-0-0\"><span data-offset-key=\"91cl1-0-0\">\u00a0<\/span><\/div>\n<\/div>\n<div class=\"\" data-offset-key=\"7nm1n-0-0\" data-editor=\"ecsf4\" data-block=\"true\">\n<div class=\"_1mf _1mj\" style=\"text-align: justify;\" data-offset-key=\"7nm1n-0-0\"><span data-offset-key=\"7nm1n-0-0\"><span data-text=\"true\">Dossier sp\u00e9cial &#8212; L\u2019ENNEMI TERRORISTE RECULE EN SYRIE : <a href=\"https:\/\/www.lejournalduforkane.com\/index.php\/category\/lennemi-terroriste-recule-en-syrie\">www.lejournalduforkane.com\/index.php\/category\/lennemi-terroriste-recule-en-syrie<\/a><\/span><\/span><\/div>\n<div class=\"_1mf _1mj\" style=\"text-align: justify;\" data-offset-key=\"7nm1n-0-0\"><\/div>\n<\/div>\n<\/div>\n<p><iframe loading=\"lazy\" src=\"https:\/\/www.youtube.com\/embed\/9Vhunm0qpCU\" width=\"560\" height=\"315\" frameborder=\"0\" allowfullscreen=\"allowfullscreen\"><\/iframe><\/p>\n","protected":false},"excerpt":{"rendered":"[Vid\u00e9o] | Les progr\u00e8s de l'Arm\u00e9e Arabe Syrienne sur les positions des terroristes de Daesh \u00e0 Darayya (situ\u00e9e \u00e0 une dizaine de kilom\u00e8tres au sud-ouest du centre de Damas) \u00a0","protected":false},"author":2,"featured_media":0,"comment_status":"open","ping_status":"open","sticky":false,"template":"","format":"standard","meta":[],"categories":[],"tags":[],"_links":{"self":[{"href":"https:\/\/www.lejournalduforkane.com\/index.php\/wp-json\/wp\/v2\/posts\/11583"}],"collection":[{"href":"https:\/\/www.lejournalduforkane.com\/index.php\/wp-json\/wp\/v2\/posts"}],"about":[{"href":"https:\/\/www.lejournalduforkane.com\/index.php\/wp-json\/wp\/v2\/types\/post"}],"author":[{"embeddable":true,"href":"https:\/\/www.lejournalduforkane.com\/index.php\/wp-json\/wp\/v2\/users\/2"}],"replies":[{"embeddable":true,"href":"https:\/\/www.lejournalduforkane.com\/index.php\/wp-json\/wp\/v2\/comments?post=11583"}],"version-history":[{"count":1,"href":"https:\/\/www.lejournalduforkane.com\/index.php\/wp-json\/wp\/v2\/posts\/11583\/revisions"}],"predecessor-version":[{"id":11585,"href":"https:\/\/www.lejournalduforkane.com\/index.php\/wp-json\/wp\/v2\/posts\/11583\/revisions\/11585"}],"wp:attachment":[{"href":"https:\/\/www.lejournalduforkane.com\/index.php\/wp-json\/wp\/v2\/media?parent=11583"}],"wp:term":[{"taxonomy":"category","embeddable":true,"href":"https:\/\/www.lejournalduforkane.com\/index.php\/wp-json\/wp\/v2\/categories?post=11583"},{"taxonomy":"post_tag","embeddable":true,"href":"https:\/\/www.lejournalduforkane.com\/index.php\/wp-json\/wp\/v2\/tags?post=11583"}],"curies":[{"name":"wp","href":"https:\/\/api.w.org\/{rel}","templated":true}]}}