
{"id":11589,"date":"2016-06-17T19:11:07","date_gmt":"2016-06-17T19:11:07","guid":{"rendered":"https:\/\/www.lejournalduforkane.com\/?p=11589"},"modified":"2016-06-17T19:11:07","modified_gmt":"2016-06-17T19:11:07","slug":"video-hollande-et-valls-humilies-par-un-policier-qui-refuse-de-serrer-leur-la-main","status":"publish","type":"post","link":"https:\/\/www.lejournalduforkane.com\/index.php\/video-hollande-et-valls-humilies-par-un-policier-qui-refuse-de-serrer-leur-la-main\/","title":{"rendered":"[VID\u00c9O] | Hollande et Valls humili\u00e9s par un policier qui refuse de serrer leur la main"},"content":{"rendered":"<p style=\"text-align: justify;\"><!--more--><\/p>\n<p style=\"text-align: justify;\">Un policier en civil a refus\u00e9 de saluer le Pr\u00e9sident de la R\u00e9publique et de sont 1er ministre lors de la c\u00e9r\u00e9monie d&rsquo;hommage rendu aux policiers Jean-Baptiste Salvaing et Jessica Schneider, ce vendredi \u00e0 Versailles.<\/p>\n<p><iframe loading=\"lazy\" src=\"https:\/\/www.youtube.com\/embed\/9Z81uixFAX8\" width=\"560\" height=\"315\" frameborder=\"0\" allowfullscreen=\"allowfullscreen\"><\/iframe><\/p>\n","protected":false},"excerpt":{"rendered":"Un policier en civil a refus\u00e9 de saluer le Pr\u00e9sident de la R\u00e9publique et de sont 1er ministre lors de la c\u00e9r\u00e9monie d'hommage rendu aux policiers Jean-Baptiste Salvaing et Jessica","protected":false},"author":2,"featured_media":0,"comment_status":"open","ping_status":"open","sticky":false,"template":"","format":"standard","meta":[],"categories":[],"tags":[],"_links":{"self":[{"href":"https:\/\/www.lejournalduforkane.com\/index.php\/wp-json\/wp\/v2\/posts\/11589"}],"collection":[{"href":"https:\/\/www.lejournalduforkane.com\/index.php\/wp-json\/wp\/v2\/posts"}],"about":[{"href":"https:\/\/www.lejournalduforkane.com\/index.php\/wp-json\/wp\/v2\/types\/post"}],"author":[{"embeddable":true,"href":"https:\/\/www.lejournalduforkane.com\/index.php\/wp-json\/wp\/v2\/users\/2"}],"replies":[{"embeddable":true,"href":"https:\/\/www.lejournalduforkane.com\/index.php\/wp-json\/wp\/v2\/comments?post=11589"}],"version-history":[{"count":1,"href":"https:\/\/www.lejournalduforkane.com\/index.php\/wp-json\/wp\/v2\/posts\/11589\/revisions"}],"predecessor-version":[{"id":11591,"href":"https:\/\/www.lejournalduforkane.com\/index.php\/wp-json\/wp\/v2\/posts\/11589\/revisions\/11591"}],"wp:attachment":[{"href":"https:\/\/www.lejournalduforkane.com\/index.php\/wp-json\/wp\/v2\/media?parent=11589"}],"wp:term":[{"taxonomy":"category","embeddable":true,"href":"https:\/\/www.lejournalduforkane.com\/index.php\/wp-json\/wp\/v2\/categories?post=11589"},{"taxonomy":"post_tag","embeddable":true,"href":"https:\/\/www.lejournalduforkane.com\/index.php\/wp-json\/wp\/v2\/tags?post=11589"}],"curies":[{"name":"wp","href":"https:\/\/api.w.org\/{rel}","templated":true}]}}