
{"id":11617,"date":"2016-06-19T11:22:30","date_gmt":"2016-06-19T11:22:30","guid":{"rendered":"https:\/\/www.lejournalduforkane.com\/?p=11617"},"modified":"2016-06-19T11:22:30","modified_gmt":"2016-06-19T11:22:30","slug":"video-exclusive-des-images-exclusives-a-linterieur-de-la-ville-de-falloujah-apres-sa-liberation","status":"publish","type":"post","link":"https:\/\/www.lejournalduforkane.com\/index.php\/video-exclusive-des-images-exclusives-a-linterieur-de-la-ville-de-falloujah-apres-sa-liberation\/","title":{"rendered":"[Vid\u00e9o exclusive] | Des images exclusives \u00e0 l&rsquo;int\u00e9rieur de la ville de Falloujah apr\u00e8s sa lib\u00e9ration"},"content":{"rendered":"<p><!--more--><iframe loading=\"lazy\" src=\"https:\/\/www.youtube.com\/embed\/1ynyXR30xAI\" width=\"420\" height=\"315\" frameborder=\"0\" allowfullscreen=\"allowfullscreen\"><\/iframe><br \/>\n<img loading=\"lazy\" class=\"alignnone size-medium wp-image-11618\" src=\"https:\/\/www.lejournalduforkane.com\/wp-content\/uploads\/2016\/06\/falloja-lib\u00e9r\u00e9-5-300x200.jpg\" alt=\"falloja lib\u00e9r\u00e9 5\" width=\"300\" height=\"200\" srcset=\"https:\/\/www.lejournalduforkane.com\/wp-content\/uploads\/2016\/06\/falloja-lib\u00e9r\u00e9-5-300x200.jpg 300w, https:\/\/www.lejournalduforkane.com\/wp-content\/uploads\/2016\/06\/falloja-lib\u00e9r\u00e9-5.jpg 470w\" sizes=\"(max-width: 300px) 100vw, 300px\" \/><\/p>\n<p>&nbsp;<\/p>\n","protected":false},"excerpt":{"rendered":"&nbsp;","protected":false},"author":2,"featured_media":0,"comment_status":"open","ping_status":"open","sticky":false,"template":"","format":"standard","meta":[],"categories":[],"tags":[],"_links":{"self":[{"href":"https:\/\/www.lejournalduforkane.com\/index.php\/wp-json\/wp\/v2\/posts\/11617"}],"collection":[{"href":"https:\/\/www.lejournalduforkane.com\/index.php\/wp-json\/wp\/v2\/posts"}],"about":[{"href":"https:\/\/www.lejournalduforkane.com\/index.php\/wp-json\/wp\/v2\/types\/post"}],"author":[{"embeddable":true,"href":"https:\/\/www.lejournalduforkane.com\/index.php\/wp-json\/wp\/v2\/users\/2"}],"replies":[{"embeddable":true,"href":"https:\/\/www.lejournalduforkane.com\/index.php\/wp-json\/wp\/v2\/comments?post=11617"}],"version-history":[{"count":1,"href":"https:\/\/www.lejournalduforkane.com\/index.php\/wp-json\/wp\/v2\/posts\/11617\/revisions"}],"predecessor-version":[{"id":11619,"href":"https:\/\/www.lejournalduforkane.com\/index.php\/wp-json\/wp\/v2\/posts\/11617\/revisions\/11619"}],"wp:attachment":[{"href":"https:\/\/www.lejournalduforkane.com\/index.php\/wp-json\/wp\/v2\/media?parent=11617"}],"wp:term":[{"taxonomy":"category","embeddable":true,"href":"https:\/\/www.lejournalduforkane.com\/index.php\/wp-json\/wp\/v2\/categories?post=11617"},{"taxonomy":"post_tag","embeddable":true,"href":"https:\/\/www.lejournalduforkane.com\/index.php\/wp-json\/wp\/v2\/tags?post=11617"}],"curies":[{"name":"wp","href":"https:\/\/api.w.org\/{rel}","templated":true}]}}