
{"id":11620,"date":"2016-06-19T11:35:29","date_gmt":"2016-06-19T11:35:29","guid":{"rendered":"https:\/\/www.lejournalduforkane.com\/?p=11620"},"modified":"2016-06-19T11:35:29","modified_gmt":"2016-06-19T11:35:29","slug":"video-200-000-palestiniens-prient-dans-la-mosquee-al-aqsa-en-ce-deuxieme-vendredi-du-mois-de-ramadhan","status":"publish","type":"post","link":"https:\/\/www.lejournalduforkane.com\/index.php\/video-200-000-palestiniens-prient-dans-la-mosquee-al-aqsa-en-ce-deuxieme-vendredi-du-mois-de-ramadhan\/","title":{"rendered":"[Vid\u00e9o] | 200 000 Palestiniens prient dans la mosqu\u00e9e al-Aqsa, en ce deuxi\u00e8me vendredi du mois de Ramadhan"},"content":{"rendered":"<p><!--more--><\/p>\n<p style=\"text-align: justify;\">Malgr\u00e9 l&rsquo;interdiction isra\u00e9lienne, des centaines de milliers de Palestiniens venus de toute la Cisjordanie, ont accomplis la pri\u00e8re du vendredi dans la sainte mosqu\u00e9e d&rsquo;Al Aqsa.<\/p>\n<p style=\"text-align: justify;\">ON NE PEUT QU\u2019\u00caTRE ADMIRATIF DEVANT CE COURAGE. LES PALESTINIENS NOUS \u00c9BLOUISSENT AVEC LEUR D\u00c9TERMINATION. PRIONS DIEU POUR QU\u2019IL LEUR ENVOIE AL-MAHDI AVEC LE GRAND PROJET DU FORKANE.<\/p>\n<p><iframe loading=\"lazy\" src=\"https:\/\/www.youtube.com\/embed\/GWXsfBX9gMI\" width=\"420\" height=\"315\" frameborder=\"0\" allowfullscreen=\"allowfullscreen\"><\/iframe><\/p>\n<p>&nbsp;<\/p>\n","protected":false},"excerpt":{"rendered":"Malgr\u00e9 l'interdiction isra\u00e9lienne, des centaines de milliers de Palestiniens venus de toute la Cisjordanie, ont accomplis la pri\u00e8re du vendredi dans la sainte mosqu\u00e9e d'Al Aqsa. ON NE PEUT QU\u2019\u00caTRE","protected":false},"author":2,"featured_media":0,"comment_status":"open","ping_status":"open","sticky":false,"template":"","format":"standard","meta":[],"categories":[],"tags":[],"_links":{"self":[{"href":"https:\/\/www.lejournalduforkane.com\/index.php\/wp-json\/wp\/v2\/posts\/11620"}],"collection":[{"href":"https:\/\/www.lejournalduforkane.com\/index.php\/wp-json\/wp\/v2\/posts"}],"about":[{"href":"https:\/\/www.lejournalduforkane.com\/index.php\/wp-json\/wp\/v2\/types\/post"}],"author":[{"embeddable":true,"href":"https:\/\/www.lejournalduforkane.com\/index.php\/wp-json\/wp\/v2\/users\/2"}],"replies":[{"embeddable":true,"href":"https:\/\/www.lejournalduforkane.com\/index.php\/wp-json\/wp\/v2\/comments?post=11620"}],"version-history":[{"count":1,"href":"https:\/\/www.lejournalduforkane.com\/index.php\/wp-json\/wp\/v2\/posts\/11620\/revisions"}],"predecessor-version":[{"id":11623,"href":"https:\/\/www.lejournalduforkane.com\/index.php\/wp-json\/wp\/v2\/posts\/11620\/revisions\/11623"}],"wp:attachment":[{"href":"https:\/\/www.lejournalduforkane.com\/index.php\/wp-json\/wp\/v2\/media?parent=11620"}],"wp:term":[{"taxonomy":"category","embeddable":true,"href":"https:\/\/www.lejournalduforkane.com\/index.php\/wp-json\/wp\/v2\/categories?post=11620"},{"taxonomy":"post_tag","embeddable":true,"href":"https:\/\/www.lejournalduforkane.com\/index.php\/wp-json\/wp\/v2\/tags?post=11620"}],"curies":[{"name":"wp","href":"https:\/\/api.w.org\/{rel}","templated":true}]}}