
{"id":11674,"date":"2016-06-22T16:28:24","date_gmt":"2016-06-22T16:28:24","guid":{"rendered":"https:\/\/www.lejournalduforkane.com\/?p=11674"},"modified":"2016-06-22T16:28:24","modified_gmt":"2016-06-22T16:28:24","slug":"les-forces-de-securite-iranienne-en-action-arretent-des-terroristes-qui-preparaient-la-plus-grande-conspiration-wahhabite-takfiriste-contre-teheran","status":"publish","type":"post","link":"https:\/\/www.lejournalduforkane.com\/index.php\/les-forces-de-securite-iranienne-en-action-arretent-des-terroristes-qui-preparaient-la-plus-grande-conspiration-wahhabite-takfiriste-contre-teheran\/","title":{"rendered":"Les forces de s\u00e9curit\u00e9 iranienne en action arr\u00eatent des terroristes qui pr\u00e9paraient la plus grande conspiration wahhabite takfiriste contre T\u00e9h\u00e9ran"},"content":{"rendered":"<p><!--more--><\/p>\n<p><iframe loading=\"lazy\" src=\"https:\/\/www.youtube.com\/embed\/r6cFSF6gUtE\" width=\"560\" height=\"315\" frameborder=\"0\" allowfullscreen=\"allowfullscreen\"><\/iframe><\/p>\n<p><img loading=\"lazy\" class=\"alignnone wp-image-11675 size-full\" src=\"https:\/\/www.lejournalduforkane.com\/wp-content\/uploads\/2016\/06\/Les-forces-de-s\u00e9curit\u00e9-iranienne-en-action-arr\u00eatent-des-terroristes-2.png\" alt=\"Les forces de s\u00e9curit\u00e9 iranienne en action arr\u00eatent des terroristes 2\" width=\"568\" height=\"274\" srcset=\"https:\/\/www.lejournalduforkane.com\/wp-content\/uploads\/2016\/06\/Les-forces-de-s\u00e9curit\u00e9-iranienne-en-action-arr\u00eatent-des-terroristes-2.png 568w, https:\/\/www.lejournalduforkane.com\/wp-content\/uploads\/2016\/06\/Les-forces-de-s\u00e9curit\u00e9-iranienne-en-action-arr\u00eatent-des-terroristes-2-300x145.png 300w\" sizes=\"(max-width: 568px) 100vw, 568px\" \/><\/p>\n<p>&nbsp;<\/p>\n","protected":false},"excerpt":{"rendered":"&nbsp;","protected":false},"author":2,"featured_media":0,"comment_status":"open","ping_status":"open","sticky":false,"template":"","format":"standard","meta":[],"categories":[],"tags":[],"_links":{"self":[{"href":"https:\/\/www.lejournalduforkane.com\/index.php\/wp-json\/wp\/v2\/posts\/11674"}],"collection":[{"href":"https:\/\/www.lejournalduforkane.com\/index.php\/wp-json\/wp\/v2\/posts"}],"about":[{"href":"https:\/\/www.lejournalduforkane.com\/index.php\/wp-json\/wp\/v2\/types\/post"}],"author":[{"embeddable":true,"href":"https:\/\/www.lejournalduforkane.com\/index.php\/wp-json\/wp\/v2\/users\/2"}],"replies":[{"embeddable":true,"href":"https:\/\/www.lejournalduforkane.com\/index.php\/wp-json\/wp\/v2\/comments?post=11674"}],"version-history":[{"count":1,"href":"https:\/\/www.lejournalduforkane.com\/index.php\/wp-json\/wp\/v2\/posts\/11674\/revisions"}],"predecessor-version":[{"id":11676,"href":"https:\/\/www.lejournalduforkane.com\/index.php\/wp-json\/wp\/v2\/posts\/11674\/revisions\/11676"}],"wp:attachment":[{"href":"https:\/\/www.lejournalduforkane.com\/index.php\/wp-json\/wp\/v2\/media?parent=11674"}],"wp:term":[{"taxonomy":"category","embeddable":true,"href":"https:\/\/www.lejournalduforkane.com\/index.php\/wp-json\/wp\/v2\/categories?post=11674"},{"taxonomy":"post_tag","embeddable":true,"href":"https:\/\/www.lejournalduforkane.com\/index.php\/wp-json\/wp\/v2\/tags?post=11674"}],"curies":[{"name":"wp","href":"https:\/\/api.w.org\/{rel}","templated":true}]}}