
{"id":11765,"date":"2016-06-26T14:17:55","date_gmt":"2016-06-26T14:17:55","guid":{"rendered":"https:\/\/www.lejournalduforkane.com\/?p=11765"},"modified":"2017-01-26T19:27:45","modified_gmt":"2017-01-26T19:27:45","slug":"les-forces-doccupation-sionistes-envahissent-la-mosquee-dal-aqsa-et-font-plusieurs-blesses","status":"publish","type":"post","link":"https:\/\/www.lejournalduforkane.com\/index.php\/les-forces-doccupation-sionistes-envahissent-la-mosquee-dal-aqsa-et-font-plusieurs-blesses\/","title":{"rendered":"Les forces d&rsquo;occupation sionistes envahissent la mosqu\u00e9e d&rsquo;Al Aqsa et font plusieurs bless\u00e9s"},"content":{"rendered":"<p style=\"text-align: justify;\"><!--more--><\/p>\n<p style=\"text-align: justify;\"><span class=\"_5yl5\"> Les affrontements se poursuivent depuis ce matin entre les fid\u00e8les palestiniens et les sauvages soldats sionistes.<br \/>\nLe responsable de la mosqu\u00e9e d\u2019Al-Aqsa, Omar Kessouani, a affirm\u00e9 que les affrontements ont commenc\u00e9 \u00e0 7h30, au moment o\u00f9 les forces de l\u2019occupation ont permis \u00e0 une foule de colons de s\u2019introduire \u00e0 l\u2019esplanade de la mosqu\u00e9e, pr\u00e9cisant qu\u2019il s\u2019agit l\u00e0 de la premi\u00e8re fois, depuis 14 ans, que les colons sont autoris\u00e9s \u00e0 acc\u00e9der \u00e0 la mosqu\u00e9e d\u2019Al-Aqsa.<\/span><\/p>\n<p>Les affrontements ont fait plusieurs bless\u00e9s (Voir vid\u00e9o).<\/p>\n<p>L\u2019ARROGANCE SIONISTE EST D\u00c9MESUR\u00c9E, PERSONNE NE SEMBLE POUVOIR LES ARR\u00caTER. MAIS CE QUE LES SIONISTES NE SAVENT PAS, C\u2019EST QU\u2019AL-MAHDI VIENDRA AVEC SES PARTISANS ET SON GRAND PROJET.<\/p>\n<p><iframe loading=\"lazy\" src=\"https:\/\/www.youtube.com\/embed\/RHCay4gRIjQ\" width=\"560\" height=\"315\" frameborder=\"0\" allowfullscreen=\"allowfullscreen\"><\/iframe><\/p>\n","protected":false},"excerpt":{"rendered":"Les affrontements se poursuivent depuis ce matin entre les fid\u00e8les palestiniens et les sauvages soldats sionistes. Le responsable de la mosqu\u00e9e d\u2019Al-Aqsa, Omar Kessouani, a affirm\u00e9 que les affrontements ont","protected":false},"author":2,"featured_media":0,"comment_status":"closed","ping_status":"open","sticky":false,"template":"","format":"standard","meta":[],"categories":[],"tags":[],"_links":{"self":[{"href":"https:\/\/www.lejournalduforkane.com\/index.php\/wp-json\/wp\/v2\/posts\/11765"}],"collection":[{"href":"https:\/\/www.lejournalduforkane.com\/index.php\/wp-json\/wp\/v2\/posts"}],"about":[{"href":"https:\/\/www.lejournalduforkane.com\/index.php\/wp-json\/wp\/v2\/types\/post"}],"author":[{"embeddable":true,"href":"https:\/\/www.lejournalduforkane.com\/index.php\/wp-json\/wp\/v2\/users\/2"}],"replies":[{"embeddable":true,"href":"https:\/\/www.lejournalduforkane.com\/index.php\/wp-json\/wp\/v2\/comments?post=11765"}],"version-history":[{"count":3,"href":"https:\/\/www.lejournalduforkane.com\/index.php\/wp-json\/wp\/v2\/posts\/11765\/revisions"}],"predecessor-version":[{"id":15061,"href":"https:\/\/www.lejournalduforkane.com\/index.php\/wp-json\/wp\/v2\/posts\/11765\/revisions\/15061"}],"wp:attachment":[{"href":"https:\/\/www.lejournalduforkane.com\/index.php\/wp-json\/wp\/v2\/media?parent=11765"}],"wp:term":[{"taxonomy":"category","embeddable":true,"href":"https:\/\/www.lejournalduforkane.com\/index.php\/wp-json\/wp\/v2\/categories?post=11765"},{"taxonomy":"post_tag","embeddable":true,"href":"https:\/\/www.lejournalduforkane.com\/index.php\/wp-json\/wp\/v2\/tags?post=11765"}],"curies":[{"name":"wp","href":"https:\/\/api.w.org\/{rel}","templated":true}]}}