
{"id":11771,"date":"2016-06-27T18:57:32","date_gmt":"2016-06-27T18:57:32","guid":{"rendered":"https:\/\/www.lejournalduforkane.com\/?p=11771"},"modified":"2016-06-27T18:57:32","modified_gmt":"2016-06-27T18:57:32","slug":"video-le-president-bachar-al-assad-a-rendu-visite-aux-heros-de-larmee-arabe-syrienne","status":"publish","type":"post","link":"https:\/\/www.lejournalduforkane.com\/index.php\/video-le-president-bachar-al-assad-a-rendu-visite-aux-heros-de-larmee-arabe-syrienne\/","title":{"rendered":"[Vid\u00e9o] | Le pr\u00e9sident Bachar al-Assad a rendu visite aux h\u00e9ros de l\u2019Arm\u00e9e Arabe Syrienne"},"content":{"rendered":"<p><!--more--><\/p>\n<p>[Vid\u00e9o] | Le pr\u00e9sident Bachar al-Assad a rendu visite aux h\u00e9ros de l\u2019Arm\u00e9e Arabe Syrienne qui se positionnent dans les lignes de confrontation \u00e0 Ghouta Est dans la banlieue de Damas.<br \/>\n<iframe loading=\"lazy\" src=\"https:\/\/www.youtube.com\/embed\/aPh4DcTD-J0\" width=\"420\" height=\"315\" frameborder=\"0\" allowfullscreen=\"allowfullscreen\"><\/iframe><\/p>\n","protected":false},"excerpt":{"rendered":"[Vid\u00e9o] | Le pr\u00e9sident Bachar al-Assad a rendu visite aux h\u00e9ros de l\u2019Arm\u00e9e Arabe Syrienne qui se positionnent dans les lignes de confrontation \u00e0 Ghouta Est dans la banlieue de","protected":false},"author":2,"featured_media":11772,"comment_status":"closed","ping_status":"open","sticky":false,"template":"","format":"standard","meta":[],"categories":[],"tags":[],"_links":{"self":[{"href":"https:\/\/www.lejournalduforkane.com\/index.php\/wp-json\/wp\/v2\/posts\/11771"}],"collection":[{"href":"https:\/\/www.lejournalduforkane.com\/index.php\/wp-json\/wp\/v2\/posts"}],"about":[{"href":"https:\/\/www.lejournalduforkane.com\/index.php\/wp-json\/wp\/v2\/types\/post"}],"author":[{"embeddable":true,"href":"https:\/\/www.lejournalduforkane.com\/index.php\/wp-json\/wp\/v2\/users\/2"}],"replies":[{"embeddable":true,"href":"https:\/\/www.lejournalduforkane.com\/index.php\/wp-json\/wp\/v2\/comments?post=11771"}],"version-history":[{"count":1,"href":"https:\/\/www.lejournalduforkane.com\/index.php\/wp-json\/wp\/v2\/posts\/11771\/revisions"}],"predecessor-version":[{"id":11773,"href":"https:\/\/www.lejournalduforkane.com\/index.php\/wp-json\/wp\/v2\/posts\/11771\/revisions\/11773"}],"wp:featuredmedia":[{"embeddable":true,"href":"https:\/\/www.lejournalduforkane.com\/index.php\/wp-json\/wp\/v2\/media\/11772"}],"wp:attachment":[{"href":"https:\/\/www.lejournalduforkane.com\/index.php\/wp-json\/wp\/v2\/media?parent=11771"}],"wp:term":[{"taxonomy":"category","embeddable":true,"href":"https:\/\/www.lejournalduforkane.com\/index.php\/wp-json\/wp\/v2\/categories?post=11771"},{"taxonomy":"post_tag","embeddable":true,"href":"https:\/\/www.lejournalduforkane.com\/index.php\/wp-json\/wp\/v2\/tags?post=11771"}],"curies":[{"name":"wp","href":"https:\/\/api.w.org\/{rel}","templated":true}]}}