
{"id":1180,"date":"2016-07-10T05:33:16","date_gmt":"2016-07-10T05:33:16","guid":{"rendered":"https:\/\/www.lejournalduforkane.com\/?p=1180"},"modified":"2017-01-31T19:51:21","modified_gmt":"2017-01-31T19:51:21","slug":"les-objectifs-de-la-diplomatie-israelienne-et-americaine-en-afrique","status":"publish","type":"post","link":"https:\/\/www.lejournalduforkane.com\/index.php\/les-objectifs-de-la-diplomatie-israelienne-et-americaine-en-afrique\/","title":{"rendered":"Les objectifs de la diplomatie isra\u00e9lienne et am\u00e9ricaine en Afrique"},"content":{"rendered":"<p style=\"text-align: justify;\">Depuis sa cr\u00e9ation les objectifs d\u2019Isra\u00ebl consistent \u00e0 \u00e9tablir des relations avec les Etats du monde dict\u00e9 par le sch\u00e9ma de la cr\u00e9ation du grand Isra\u00ebl.<!--more--> Il faut d\u2019abord normaliser les relations avec les Etats arabes et africains afin de garantir sa stabilit\u00e9 aupr\u00e8s de ses voisins. Ainsi les sionistes avec l\u2019aide de l\u2019Am\u00e9rique et de l\u2019Europe ont \u00e9tabli l\u2019importance de 3 zones g\u00e9ographiques essentielles \u00e0 la stabilit\u00e9 d\u2019Isra\u00ebl.<\/p>\n<p style=\"text-align: justify;\">On le voit Soudan appartient donc une zone d\u2019influence strat\u00e9gique d\u2019Isra\u00ebl. Le fleuve Nil passant pour une part importante dans le territoire de ce pays et poss\u00e8de aussi une large bande c\u00f4ti\u00e8re avec la mer Rouge.<\/p>\n<p style=\"text-align: justify;\">De plus pour l\u2019Am\u00e9rique le contr\u00f4le de la mer Rouge est devenu vitale parce qu\u2019elle relie par la voie la plus \u00e9conomique, les puits du Golfe Persique (par le d\u00e9troit de Bab el Mendeb et le canal de Suez) \u00e0 la M\u00e9diterran\u00e9e et \u00e0 l\u2019oc\u00e9an Atlantique (par Gibraltar). Le Soudan ne peut donc, dans les conditions actuelles, perturber la \u00ab\u00a0s\u00e9curit\u00e9\u00a0\u00bb voulue par l\u2019Am\u00e9rique en mer Rouge. Or depuis plus de 30 ans, il<img loading=\"lazy\" class=\"wp-image-1181 size-full alignright\" title=\"Pillage-Afrique\" src=\"https:\/\/www.lejournalduforkane.com\/wp-content\/uploads\/2012\/09\/Pillage-Afrique.png\" alt=\"\" width=\"299\" height=\"217\" \/> reste le seul pays riverain de cette voie \u00e0 ne pas converger avec la politique am\u00e9ricano-sioniste.<\/p>\n<p style=\"text-align: justify;\">Ensuite si sa g\u00e9ographie en fait une pi\u00e8ce ma\u00eetresse du jeu auquel se livrent les sionistes, il convient d\u2019ajouter l\u2019importance des richesses de son sous-sol pour les strat\u00e8ges am\u00e9ricains. Un sous-sol tellement riche que si elles \u00e9taient exploit\u00e9es, la redistribution des richesses pourrait \u00e0 elles seule nourrir et faire vivre tout le continent Africain (avec de grandes r\u00e9serves de p\u00e9trole et d\u2019uranium, d\u2019immense mine d\u2019or, d\u2019argent et de diamant etc.). Pour cette raison le Soudan est l\u2019une des principales victimes de la convoitise des puissances occidentales qui se disputent la primaut\u00e9 dans le continent Africain depuis 50 ans. En effet l\u2019histoire de ce pays est \u00e9maill\u00e9e de conflits\u00a0 avec ces voisins, de guerres civiles meurtri\u00e8res, comme celle qui a dur\u00e9 plus de 20 ans traversant les d\u00e9cennies 80 et 90.<\/p>\n<p style=\"text-align: justify;\">Le gouvernement de Khartoum\u00a0 sent qu\u2019il existe une sorte de menace impalpable provenant de complots pour le renversement du r\u00e9gime et n\u2019ignore pas les relations organiques et \u00e9troites avec les guerres\u00a0 ethniques d\u00e9vastatrices qui se sont d\u00e9roul\u00e9s au Soudan, en Somalie, au Rwanda, au Burundi et en R\u00e9publique D\u00e9mocratique du Congo (ex Za\u00efre). Tout en tenant compte de cette r\u00e9alit\u00e9 que les guerres ethniques dans la corne de l\u2019Afrique et la R\u00e9gion des grands Lacs plongent leurs racines dans l\u2019histoire du colonialisme et qu\u2019elles se poursuivent avec plus d\u2019intensit\u00e9 gr\u00e2ce aux soutient logistique de l\u2019occident et d\u2019Isra\u00ebl. Depuis plus de 20 ans le gouvernement soudanais voit le sol s\u2019effondrer tout autour\u00a0 de lui, prit au pi\u00e8ge\u00a0 par les menaces des pays \u00e9trangers\u00a0 comme l\u2019Ouganda, l\u2019Ethiopie et l\u2019Erythr\u00e9e qui financent et arment les rebelles du sud Soudan gr\u00e2ce aux soutiens am\u00e9ricains.<\/p>\n<p style=\"text-align: justify;\">Un gouvernement fort\u00a0 et ind\u00e9pendant dans ce pays n\u2019est donc du gout d\u2019Isra\u00ebl et de l\u2019Am\u00e9rique. D\u2019autant que le r\u00e9gime de Khartoum dispose d\u2019une arm\u00e9e relativement forte et disciplin\u00e9e (capable de repousser les menaces ext\u00e9rieures) surtout le gouvernement peut compter sur un soutien populaire notamment aupr\u00e8s de la population musulmane (80% de la population du Soudan).<\/p>\n","protected":false},"excerpt":{"rendered":"<p>Depuis sa cr\u00e9ation les objectifs d\u2019Isra\u00ebl consistent \u00e0 \u00e9tablir des relations avec les Etats du monde dict\u00e9 par le sch\u00e9ma de la cr\u00e9ation du grand Isra\u00ebl.<\/p>\n","protected":false},"author":2,"featured_media":12023,"comment_status":"open","ping_status":"closed","sticky":false,"template":"","format":"standard","meta":[],"categories":[],"tags":[],"_links":{"self":[{"href":"https:\/\/www.lejournalduforkane.com\/index.php\/wp-json\/wp\/v2\/posts\/1180"}],"collection":[{"href":"https:\/\/www.lejournalduforkane.com\/index.php\/wp-json\/wp\/v2\/posts"}],"about":[{"href":"https:\/\/www.lejournalduforkane.com\/index.php\/wp-json\/wp\/v2\/types\/post"}],"author":[{"embeddable":true,"href":"https:\/\/www.lejournalduforkane.com\/index.php\/wp-json\/wp\/v2\/users\/2"}],"replies":[{"embeddable":true,"href":"https:\/\/www.lejournalduforkane.com\/index.php\/wp-json\/wp\/v2\/comments?post=1180"}],"version-history":[{"count":4,"href":"https:\/\/www.lejournalduforkane.com\/index.php\/wp-json\/wp\/v2\/posts\/1180\/revisions"}],"predecessor-version":[{"id":15169,"href":"https:\/\/www.lejournalduforkane.com\/index.php\/wp-json\/wp\/v2\/posts\/1180\/revisions\/15169"}],"wp:featuredmedia":[{"embeddable":true,"href":"https:\/\/www.lejournalduforkane.com\/index.php\/wp-json\/wp\/v2\/media\/12023"}],"wp:attachment":[{"href":"https:\/\/www.lejournalduforkane.com\/index.php\/wp-json\/wp\/v2\/media?parent=1180"}],"wp:term":[{"taxonomy":"category","embeddable":true,"href":"https:\/\/www.lejournalduforkane.com\/index.php\/wp-json\/wp\/v2\/categories?post=1180"},{"taxonomy":"post_tag","embeddable":true,"href":"https:\/\/www.lejournalduforkane.com\/index.php\/wp-json\/wp\/v2\/tags?post=1180"}],"curies":[{"name":"wp","href":"https:\/\/api.w.org\/{rel}","templated":true}]}}