
{"id":11838,"date":"2016-07-01T12:36:56","date_gmt":"2016-07-01T12:36:56","guid":{"rendered":"https:\/\/www.lejournalduforkane.com\/?p=11838"},"modified":"2019-01-16T19:32:57","modified_gmt":"2019-01-16T19:32:57","slug":"appel-a-la-journee-mondiale-dal-qods-2016-part-2","status":"publish","type":"post","link":"https:\/\/www.lejournalduforkane.com\/index.php\/appel-a-la-journee-mondiale-dal-qods-2016-part-2\/","title":{"rendered":"APPEL A LA JOURN\u00c9E MONDIALE D\u2019AL-QODS 2016 \u2013 Part 2"},"content":{"rendered":"<p><!--more--><\/p>\n<p style=\"text-align: justify;\">Chaque ann\u00e9e a lieu, le dernier vendredi du mois de Ramadan, la Journ\u00e9e Mondiale d\u2019Al-Qods, initi\u00e9 par l\u2019Imam Khomeiny, en 1979. En instaurant cette c\u00e9r\u00e9monie, l\u2019objectif \u00e9tait d\u2019exprimer le soutient sans faille de la communaut\u00e9 islamique et sa solidarit\u00e9 totale avec le peuple de Palestine. Depuis plus de 60 ans la Palestine est occup\u00e9e par les sionistes. Cette journ\u00e9e sert \u00e0 d\u00e9noncer les crimes et le g\u00e9nocide perp\u00e9tr\u00e9s par les sionistes contre les Palestiniens. Cela implique aussi de d\u00e9noncer leurs protecteurs que sont les puissances occidentales (\u00c9tats-Unis et Europe en t\u00eate). Le but est de montrer que la question palestinienne et la lib\u00e9ration de la Palestine (et de J\u00e9rusalem al-Qods) sont d\u2019une importance centrale pour plus d\u2019un milliard et demi de Musulmans. Son appel r\u00e9sonne encore :<br \/>\n\u00ab J\u2019appelle, disait-il, tout les Musulmans du monde et tout les Etats islamiques \u00e0 s\u2019unir pour couper les mains du r\u00e9gime occupant d\u2019Al-Qods et de ceux qui les prot\u00e8gent. J\u2019invite tous les Musulmans \u00e0 choisir le dernier vendredi du mois b\u00e9ni de Ramadan pour se rassembler et exprimer sa solidarit\u00e9 avec le peuple Palestinien, en apportant le soutien \u00e0 ses droits l\u00e9gitimes. Le noble Coran, ainsi que les hadiths rapport\u00e9s par le Proph\u00e8te de l\u2019Islam, Mohammad (que le salut de Dieu soit sur lui et ses descendants) insistent sur la n\u00e9cessit\u00e9 de d\u00e9fendre les opprim\u00e9s face aux oppresseurs.<\/p>\n<p style=\"text-align: justify;\">A ce propos le Proph\u00e8te de l\u2019Islam (P) dit : \u00ab si un Musulman entend l\u2019appel \u00e0 l\u2019aide d\u2019un autre Musulman et ne l\u2019aide pas, il n\u2019est plus consid\u00e9r\u00e9s comme musulman \u00bb \u00bb<br \/>\nLe JOURNAL DU FORKANE et Ali DANI souhaitent revenir sur tous les \u00e9v\u00e9nements de l\u2019ann\u00e9e qui vient de s\u2019\u00e9couler et qui concernent bien la cause Palestinienne, qui est la m\u00e8re des batailles.<\/p>\n<p style=\"text-align: justify;\">Les autorit\u00e9s de l\u2019Islam Sunnite refusent de condamner les terroristes salafistes et facilitent la sympathie des masses Musulmane pour ces barbares. Des dizaines de milliers de Musulmans d\u2019Europe (convertis ou non) et d\u2019ailleurs partent en Syrie et en Irak pour aller tuer des Musulmans Chiites.<\/p>\n<p style=\"text-align: justify;\">L\u2019Arabie saoudite est le berceau du terrorisme salafiste, alli\u00e9e privil\u00e9gi\u00e9 de l\u2019Am\u00e9rique et d\u2019Isra\u00ebl, elle finance cette doctrine mortif\u00e8re. De plus leurs pseudo-savants viennent \u00e0 la t\u00e9l\u00e9vision pour attaquer les Musulmans Shiites et appeler au Jihad pour inciter les Musulmans Sunnites \u00e0 partir en Syrie et en Irak. On compte pr\u00e8s de 125 000 mercenaires \u00e9trangers dans ces deux pays : c\u2019est une invasion et une trahison.<\/p>\n<p style=\"text-align: justify;\">\nIL EST CLAIR QUE CES OULAMAS SONT LES SAVANTS DE L&rsquo;\u00c9GAREMENT QUI INVITENT LES FID\u00c8LES AU FEU. CE SONT DES TRA\u00ceTRES ET DES IRRESPONSABLES. ILS TRAVAILLENT POUR L\u2019ENNEMI. A CAUSE D\u2019EUX, ET POUR LE PLUS GRAND BONHEUR DE L\u2019OCCIDENT ET D\u2019ISRA\u00cbL, LES MUSULMANS ONT SUBSTITU\u00c9 LA CAUSE SALAFISTE \u00c0 LA CAUSE PALESTINIENNE ET ILS FONT FAIRE TUER DES MUSULMANS PAR DES AUTRES MUSULMANS\u2026UNE AUBAINE POUR NOTRE ENNEMI COMMUN.<\/p>\n<p><img loading=\"lazy\" class=\"alignnone wp-image-11839 size-full\" src=\"https:\/\/www.lejournalduforkane.com\/wp-content\/uploads\/2016\/07\/qods-2.jpg\" alt=\"qods 2\" width=\"678\" height=\"960\" srcset=\"https:\/\/www.lejournalduforkane.com\/wp-content\/uploads\/2016\/07\/qods-2.jpg 678w, https:\/\/www.lejournalduforkane.com\/wp-content\/uploads\/2016\/07\/qods-2-212x300.jpg 212w\" sizes=\"(max-width: 678px) 100vw, 678px\" \/><\/p>\n","protected":false},"excerpt":{"rendered":"Chaque ann\u00e9e a lieu, le dernier vendredi du mois de Ramadan, la Journ\u00e9e Mondiale d\u2019Al-Qods, initi\u00e9 par l\u2019Imam Khomeiny, en 1979. En instaurant cette c\u00e9r\u00e9monie, l\u2019objectif \u00e9tait d\u2019exprimer le soutient","protected":false},"author":2,"featured_media":0,"comment_status":"closed","ping_status":"open","sticky":false,"template":"","format":"standard","meta":[],"categories":[],"tags":[],"_links":{"self":[{"href":"https:\/\/www.lejournalduforkane.com\/index.php\/wp-json\/wp\/v2\/posts\/11838"}],"collection":[{"href":"https:\/\/www.lejournalduforkane.com\/index.php\/wp-json\/wp\/v2\/posts"}],"about":[{"href":"https:\/\/www.lejournalduforkane.com\/index.php\/wp-json\/wp\/v2\/types\/post"}],"author":[{"embeddable":true,"href":"https:\/\/www.lejournalduforkane.com\/index.php\/wp-json\/wp\/v2\/users\/2"}],"replies":[{"embeddable":true,"href":"https:\/\/www.lejournalduforkane.com\/index.php\/wp-json\/wp\/v2\/comments?post=11838"}],"version-history":[{"count":6,"href":"https:\/\/www.lejournalduforkane.com\/index.php\/wp-json\/wp\/v2\/posts\/11838\/revisions"}],"predecessor-version":[{"id":14979,"href":"https:\/\/www.lejournalduforkane.com\/index.php\/wp-json\/wp\/v2\/posts\/11838\/revisions\/14979"}],"wp:attachment":[{"href":"https:\/\/www.lejournalduforkane.com\/index.php\/wp-json\/wp\/v2\/media?parent=11838"}],"wp:term":[{"taxonomy":"category","embeddable":true,"href":"https:\/\/www.lejournalduforkane.com\/index.php\/wp-json\/wp\/v2\/categories?post=11838"},{"taxonomy":"post_tag","embeddable":true,"href":"https:\/\/www.lejournalduforkane.com\/index.php\/wp-json\/wp\/v2\/tags?post=11838"}],"curies":[{"name":"wp","href":"https:\/\/api.w.org\/{rel}","templated":true}]}}