
{"id":11844,"date":"2016-07-01T13:06:26","date_gmt":"2016-07-01T13:06:26","guid":{"rendered":"https:\/\/www.lejournalduforkane.com\/?p=11844"},"modified":"2019-01-16T19:32:45","modified_gmt":"2019-01-16T19:32:45","slug":"appel-a-la-journee-mondiale-dal-qods-2016-part-3","status":"publish","type":"post","link":"https:\/\/www.lejournalduforkane.com\/index.php\/appel-a-la-journee-mondiale-dal-qods-2016-part-3\/","title":{"rendered":"APPEL A LA JOURN\u00c9E MONDIALE D\u2019AL-QODS 2016 \u2013 Part 3"},"content":{"rendered":"<p><!--more--><\/p>\n<p style=\"text-align: justify;\">Chaque ann\u00e9e a lieu, le dernier vendredi du mois de Ramadan, la Journ\u00e9e Mondiale d\u2019Al-Qods, initi\u00e9 par l\u2019Imam Khomeiny, en 1979. En instaurant cette c\u00e9r\u00e9monie, l\u2019objectif \u00e9tait d\u2019exprimer le soutien sans faille de la communaut\u00e9 islamique et sa solidarit\u00e9 totale avec le peuple de Palestine. Depuis plus de 60 ans la Palestine est occup\u00e9e par les sionistes. Cette journ\u00e9e sert \u00e0 d\u00e9noncer les crimes et le g\u00e9nocide perp\u00e9tr\u00e9s par les sionistes contre les Palestiniens. Cela implique aussi de d\u00e9noncer leurs protecteurs que sont les puissances occidentales (Etats-Unis et Europe en t\u00eate). Le but est de montrer que la question palestinienne et la lib\u00e9ration de la Palestine (et de J\u00e9rusalem al-Qods) sont d\u2019une importance centrale pour plus d\u2019un milliard et demi de Musulmans. Son appel r\u00e9sonne encore :<br \/>\n\u00ab J\u2019appelle, disait-il, tout les Musulmans du monde et tout les Etats islamiques \u00e0 s\u2019unir pour couper les mains du r\u00e9gime occupant d\u2019Al-Qods et de ceux qui les prot\u00e8gent. J\u2019invite tous les Musulmans \u00e0 choisir le dernier vendredi du mois b\u00e9ni de Ramadan pour se rassembler et exprimer sa solidarit\u00e9 avec le peuple Palestinien, en apportant le soutien \u00e0 ses droits l\u00e9gitimes. Le noble Coran, ainsi que les hadiths rapport\u00e9s par le Proph\u00e8te de l\u2019Islam, Mohammad (que le salut de Dieu soit sur lui et ses descendants) insistent sur la n\u00e9cessit\u00e9 de d\u00e9fendre les opprim\u00e9s face aux oppresseurs.<\/p>\n<p style=\"text-align: justify;\">A ce propos le Proph\u00e8te de l\u2019Islam (P) dit : \u00ab si un Musulman entend l\u2019appel \u00e0 l\u2019aide d\u2019un autre Musulman et ne l\u2019aide pas, il n\u2019est plus consid\u00e9r\u00e9s comme musulman \u00bb \u00bb<\/p>\n<p style=\"text-align: justify;\">Le JOURNAL DU FORKANE et Ali DANI souhaitent revenir sur tous les \u00e9v\u00e9nements de l\u2019ann\u00e9e qui vient de s\u2019\u00e9couler et qui concernent bien la cause Palestinienne, qui est la m\u00e8re des batailles.<\/p>\n<p style=\"text-align: justify;\">L\u2019Arabie Saoudite et les pays arabes bombardent chaque jour que Dieu fait, depuis plus d&rsquo;un an, le Y\u00e9men pourtant b\u00e9ni par le Proph\u00e8te (P).<br \/>\nCette offensive est voulue par Isra\u00ebl et par l\u2019Am\u00e9rique. O\u00f9 est la fiert\u00e9 arabe ? Pourquoi s\u2019en prendre \u00e0 un peuple qui ne demande que la libert\u00e9 et le droit l\u00e9gitime de vivre dignement sans ing\u00e9rence \u00e9trang\u00e8re ?<br \/>\nMais ces sionistes arabes ont fort \u00e0 faire ; comme avec Gaza, la R\u00e9sistance est forte et fait mal aux sionistes arabes\u2026QUE DIEU LES MAUDISSENT.<\/p>\n<p style=\"text-align: justify;\">Conclusion<br \/>\nC\u2019est ainsi que les Musulmans doivent s\u2019unir pour d\u00e9noncer Isra\u00ebl, l\u2019Am\u00e9rique ainsi que la trahison des ces arabes sionistes.<br \/>\n\u00d4 DIEU B\u00c9NI LA SYRIE DE BACHAR AINSI QUE LE Y\u00c9MEN, DONNE LA FORCE AUX COMBATTANTS IRAKIENS, SYRIENS, LIBANAIS ET YEMENITES D\u2019EXTERMINER LA VERMINE SALAFISTES ET DE D\u00c9TRUIRE L\u2019ARROGANCE SIONISTE ARABE. \u00d4 DIEU FAIT VENIR AL-MAHDI ET SON SOUTIEN J\u00c9SUS AINSI QUE LEUR PIEUX COMPAGNONS AFIN QU\u2019ILS LIB\u00c8RENT J\u00c9RUSALEM GR\u00c2CE AU GRAND PROJET DU FORKANE.<\/p>\n<p style=\"text-align: justify;\"><img loading=\"lazy\" class=\"alignnone wp-image-11845 size-full\" src=\"https:\/\/www.lejournalduforkane.com\/wp-content\/uploads\/2016\/07\/qods-3.png\" alt=\"qods 3\" width=\"480\" height=\"256\" srcset=\"https:\/\/www.lejournalduforkane.com\/wp-content\/uploads\/2016\/07\/qods-3.png 480w, https:\/\/www.lejournalduforkane.com\/wp-content\/uploads\/2016\/07\/qods-3-300x160.png 300w\" sizes=\"(max-width: 480px) 100vw, 480px\" \/><\/p>\n","protected":false},"excerpt":{"rendered":"Chaque ann\u00e9e a lieu, le dernier vendredi du mois de Ramadan, la Journ\u00e9e Mondiale d\u2019Al-Qods, initi\u00e9 par l\u2019Imam Khomeiny, en 1979. En instaurant cette c\u00e9r\u00e9monie, l\u2019objectif \u00e9tait d\u2019exprimer le soutien","protected":false},"author":2,"featured_media":0,"comment_status":"closed","ping_status":"open","sticky":false,"template":"","format":"standard","meta":[],"categories":[],"tags":[],"_links":{"self":[{"href":"https:\/\/www.lejournalduforkane.com\/index.php\/wp-json\/wp\/v2\/posts\/11844"}],"collection":[{"href":"https:\/\/www.lejournalduforkane.com\/index.php\/wp-json\/wp\/v2\/posts"}],"about":[{"href":"https:\/\/www.lejournalduforkane.com\/index.php\/wp-json\/wp\/v2\/types\/post"}],"author":[{"embeddable":true,"href":"https:\/\/www.lejournalduforkane.com\/index.php\/wp-json\/wp\/v2\/users\/2"}],"replies":[{"embeddable":true,"href":"https:\/\/www.lejournalduforkane.com\/index.php\/wp-json\/wp\/v2\/comments?post=11844"}],"version-history":[{"count":5,"href":"https:\/\/www.lejournalduforkane.com\/index.php\/wp-json\/wp\/v2\/posts\/11844\/revisions"}],"predecessor-version":[{"id":14982,"href":"https:\/\/www.lejournalduforkane.com\/index.php\/wp-json\/wp\/v2\/posts\/11844\/revisions\/14982"}],"wp:attachment":[{"href":"https:\/\/www.lejournalduforkane.com\/index.php\/wp-json\/wp\/v2\/media?parent=11844"}],"wp:term":[{"taxonomy":"category","embeddable":true,"href":"https:\/\/www.lejournalduforkane.com\/index.php\/wp-json\/wp\/v2\/categories?post=11844"},{"taxonomy":"post_tag","embeddable":true,"href":"https:\/\/www.lejournalduforkane.com\/index.php\/wp-json\/wp\/v2\/tags?post=11844"}],"curies":[{"name":"wp","href":"https:\/\/api.w.org\/{rel}","templated":true}]}}